{"id":996,"date":"2017-03-21T00:00:00","date_gmt":"2017-03-21T00:00:00","guid":{"rendered":"http:\/\/dr-rad.at\/tirol\/radtrikot\/"},"modified":"2019-07-29T06:22:26","modified_gmt":"2019-07-29T06:22:26","slug":"radtrikot","status":"publish","type":"post","link":"https:\/\/dr-rad.at\/tirol\/radtrikot\/","title":{"rendered":"Radtrikot"},"content":{"rendered":"<p>Das Fahrradtrikot unterscheidet sich von einem \u00e4hnlich gearteten Leiberl durch zus\u00e4tzliche Features: 1. die am Hals ganz verschlie\u00dfbare \u00d6ffnung &#8211; um fliegendes Tiermaterial nicht unters Textil zu bekommen und 2. viel essentieller &#8211; die Taschen am unteren R\u00fccken. <\/p>\n<p>Diese K\u00e4nguru Ausst\u00fclpungen beherbergen Windjacke, Handy und Riegel, sie sind also von enormer Wichtigkeit und bekommen meist gar nicht die Aufmerksamkeit die ihnen geb\u00fchrt. Soweit die Merkmale eines Radjerseys. Das Material ist vielf\u00e4ltig und bunt, wie sich auch irgendwo bestimmt ein reflektierendes Element finden l\u00e4sst. Von solch einer sicherheitsunterst\u00fctzenden funktionellen Eigenheit waren die Wolltrikots aus den 70ern weit entfernt. Vielmehr haben sie auf der Haut gekratzt und waren auf heutige Standards bezogen sauschwer. Lange Zeit wurde beim Oberteil des Rennradfahrers auch die Aerodynamik untersch\u00e4tzt. F\u00fcrs Schnelle gab es Einteiler, sogenannte Zeitfahranzuge, welche hauteng vom Hosenbund bis zum Oberarm kaum Falten bildete. <\/p>\n<p> Dem Einsatz entsprechend gibt es beim Einteiler aber keine R\u00fcckentaschen. <\/p>\n<p> Die aktuellen Trikots verbinden Aerodynamik, Komfort und Einsatzzweck. Eng anliegend, kaum Stoff, atmungsaktiv, entsprechender materialmix nach Belastungszone aber in jedem Fall mit Taschen. Dem technischen Fortschritt angepasst ist auch die Preisgestaltung. \u00dcber 250.- Euro f\u00fcr ein Kurzarmtrikot sind nicht \u00fcberraschend. Gerade ob der Investition und Haltbarkeit kommen wir auf den entscheidenden Punkt: Die Kurzlebigkeit eines Profitrikots hat sich n den letzten Jahren enorm durchgesetzt. Der Radfan der sich auch wie seine Vorbilder oder Lieblingsmannschaft kleiden will, wird stark in seiner Neigung strapaziert. Hatte man in den 80ern mit den Look Farben von La vie Claire oder Mapei in den 90ern noch eine Konstante, da es ein \u00fcber mehrere Saisonen g\u00fcltiges Outfit darstellte, so wird die World Tour j\u00e4hrlich durch neue Teams definiert. Cofidis, Coffein, Haarshampoo, Alpecin, Giant, Alpecin Katusha.. da macht\u2019s einen Tuscher! <\/p>\n<p> So einen schnellen Wechsel seiner Angeh\u00f6rigkeit kann man dem Radsportler nicht zumuten. So greift er bevorzugt auf einfaches Couleur zur\u00fcck.<\/p>\n","protected":false},"excerpt":{"rendered":"<p>Das Fahrradtrikot unterscheidet sich von einem \u00e4hnlich gearteten Leiberl durch zus\u00e4tzliche Features: 1. die am Hals ganz verschlie\u00dfbare \u00d6ffnung &#8211; um fliegendes Tiermaterial nicht unters Textil zu bekommen und 2. viel essentieller &#8211; die Taschen am unteren R\u00fccken. Diese K\u00e4nguru Ausst\u00fclpungen beherbergen Windjacke, Handy und Riegel, sie sind also von enormer Wichtigkeit und bekommen meist [&hellip;]<\/p>\n","protected":false},"author":2,"featured_media":0,"comment_status":"closed","ping_status":"closed","sticky":false,"template":"","format":"standard","meta":{"_et_pb_use_builder":"","_et_pb_old_content":"","_et_gb_content_width":"","footnotes":""},"categories":[68],"tags":[],"class_list":["post-996","post","type-post","status-publish","format-standard","hentry","category-radtechnik"],"_links":{"self":[{"href":"https:\/\/dr-rad.at\/tirol\/wp-json\/wp\/v2\/posts\/996","targetHints":{"allow":["GET"]}}],"collection":[{"href":"https:\/\/dr-rad.at\/tirol\/wp-json\/wp\/v2\/posts"}],"about":[{"href":"https:\/\/dr-rad.at\/tirol\/wp-json\/wp\/v2\/types\/post"}],"author":[{"embeddable":true,"href":"https:\/\/dr-rad.at\/tirol\/wp-json\/wp\/v2\/users\/2"}],"replies":[{"embeddable":true,"href":"https:\/\/dr-rad.at\/tirol\/wp-json\/wp\/v2\/comments?post=996"}],"version-history":[{"count":0,"href":"https:\/\/dr-rad.at\/tirol\/wp-json\/wp\/v2\/posts\/996\/revisions"}],"wp:attachment":[{"href":"https:\/\/dr-rad.at\/tirol\/wp-json\/wp\/v2\/media?parent=996"}],"wp:term":[{"taxonomy":"category","embeddable":true,"href":"https:\/\/dr-rad.at\/tirol\/wp-json\/wp\/v2\/categories?post=996"},{"taxonomy":"post_tag","embeddable":true,"href":"https:\/\/dr-rad.at\/tirol\/wp-json\/wp\/v2\/tags?post=996"}],"curies":[{"name":"wp","href":"https:\/\/api.w.org\/{rel}","templated":true}]}}