{"id":989,"date":"2017-01-02T00:00:00","date_gmt":"2017-01-02T00:00:00","guid":{"rendered":"http:\/\/dr-rad.at\/tirol\/idee-zum-tiroler-rad-blog\/"},"modified":"2019-07-29T06:22:28","modified_gmt":"2019-07-29T06:22:28","slug":"idee-zum-tiroler-rad-blog","status":"publish","type":"post","link":"https:\/\/dr-rad.at\/tirol\/idee-zum-tiroler-rad-blog\/","title":{"rendered":"Idee zum Tiroler Rad Blog"},"content":{"rendered":"<p>Dieser Blog entstand aus der Idee von Radfahrern f\u00fcr Radfahrer Informationen und Unterhaltung mit lokalem Bezug zu transportieren. Anl\u00e4sslich der 200 Jahre Fahrrad im allgemeinen und der bevorstehenden Rad Weltmeisterschaft im eigenen Land, war die Zeit mehr als reif f\u00fcr solch eine Plattform. <\/p>\n<p>Material, Technik, Mode, Training, Ern\u00e4hrung, offroad, on road, Ausr\u00fcstung, Karbon, Alu, Stahl und Bidon, es werden alle Themen aufgegriffen die auch im entferntesten mit Radfahren zu tun haben und in nicht zwingender Anordnung gepostet. <\/p>\n<p>Als immer wiederkehrendes Special wird uns das Thema Ern\u00e4hrung begleiten. In Form des &#8222;Ern\u00e4&#8220; zeigt uns dieser Teufel wo das Detail steckt. In Zeiten der social media gibt es nat\u00fcrlich eine zugeh\u00f6rige Facebook Seite und sonstige Tags rund ums liken und teilen.<br \/>\nGerne werden W\u00fcnsche und Anregungen jeglicher Art entgegengenommen. <\/p>\n<p>Dieser Blog entstand aus der Idee von Radfahrern f\u00fcr Radfahrer Informationen und Unterhaltung mit lokalem Bezug zu transportieren. Anl\u00e4sslich der 200 Jahre Fahrrad im allgemeinen und der bevorstehenden Rad Weltmeisterschaft im eigenen Land, war die Zeit mehr als reif f\u00fcr solch eine Plattform.<br \/>\nMaterial, Technik, Mode, Training, Ern\u00e4hrung, offroad, on road, Ausr\u00fcstung, Karbon, Alu, Stahl und Bidon, es werden alle Themen aufgegriffen die auch im entferntesten mit Radfahren zu tun haben und in nicht zwingender Anordnung gepostet. <\/p>\n<p>Als immer wiederkehrendes Special wird uns das Thema Ern\u00e4hrung begleiten. In Form des &#8222;Ern\u00e4&#8220; zeigt uns dieser Teufel wo das Detail steckt. In Zeiten der social media gibt es nat\u00fcrlich eine zugeh\u00f6rige Facebook Seite und sonstige Tags rund ums liken und teilen. <\/p>\n<p>Gerne werden W\u00fcnsche und Anregungen jeglicher Art entgegengenommen.<\/p>\n","protected":false},"excerpt":{"rendered":"<p>Dieser Blog entstand aus der Idee von Radfahrern f\u00fcr Radfahrer Informationen und Unterhaltung mit lokalem Bezug zu transportieren. Anl\u00e4sslich der 200 Jahre Fahrrad im allgemeinen und der bevorstehenden Rad Weltmeisterschaft im eigenen Land, war die Zeit mehr als reif f\u00fcr solch eine Plattform. Material, Technik, Mode, Training, Ern\u00e4hrung, offroad, on road, Ausr\u00fcstung, Karbon, Alu, Stahl [&hellip;]<\/p>\n","protected":false},"author":2,"featured_media":0,"comment_status":"closed","ping_status":"closed","sticky":false,"template":"","format":"standard","meta":{"_et_pb_use_builder":"","_et_pb_old_content":"","_et_gb_content_width":"","footnotes":""},"categories":[86],"tags":[76],"class_list":["post-989","post","type-post","status-publish","format-standard","hentry","category-blog","tag-tirol"],"_links":{"self":[{"href":"https:\/\/dr-rad.at\/tirol\/wp-json\/wp\/v2\/posts\/989","targetHints":{"allow":["GET"]}}],"collection":[{"href":"https:\/\/dr-rad.at\/tirol\/wp-json\/wp\/v2\/posts"}],"about":[{"href":"https:\/\/dr-rad.at\/tirol\/wp-json\/wp\/v2\/types\/post"}],"author":[{"embeddable":true,"href":"https:\/\/dr-rad.at\/tirol\/wp-json\/wp\/v2\/users\/2"}],"replies":[{"embeddable":true,"href":"https:\/\/dr-rad.at\/tirol\/wp-json\/wp\/v2\/comments?post=989"}],"version-history":[{"count":0,"href":"https:\/\/dr-rad.at\/tirol\/wp-json\/wp\/v2\/posts\/989\/revisions"}],"wp:attachment":[{"href":"https:\/\/dr-rad.at\/tirol\/wp-json\/wp\/v2\/media?parent=989"}],"wp:term":[{"taxonomy":"category","embeddable":true,"href":"https:\/\/dr-rad.at\/tirol\/wp-json\/wp\/v2\/categories?post=989"},{"taxonomy":"post_tag","embeddable":true,"href":"https:\/\/dr-rad.at\/tirol\/wp-json\/wp\/v2\/tags?post=989"}],"curies":[{"name":"wp","href":"https:\/\/api.w.org\/{rel}","templated":true}]}}