{"id":984,"date":"2017-02-15T00:00:00","date_gmt":"2017-02-15T00:00:00","guid":{"rendered":"http:\/\/dr-rad.at\/tirol\/elektronisches-schalten\/"},"modified":"2019-07-29T06:22:27","modified_gmt":"2019-07-29T06:22:27","slug":"elektronisches-schalten","status":"publish","type":"post","link":"https:\/\/dr-rad.at\/tirol\/elektronisches-schalten\/","title":{"rendered":"Elektronisches Schalten"},"content":{"rendered":"<p>Von den Urspr\u00fcngen des elektronischen Schaltens ist viel Zeit  und Entwicklung vergangen. Mavic waren die Ersten die 20 G\u00e4nge per Knopfdruck schalten konnten. Zwei gelbe Kn\u00f6pfe aktivierten den Kolben im breiten Schaltwerk. Zugegebenerma\u00dfen wurde der Werfer per Schaltzug betrieben, daf\u00fcr thronte ein gro\u00dfer Hebel an der Innenseite des Bremshebels.<\/p>\n","protected":false},"excerpt":{"rendered":"<p>Von den Urspr\u00fcngen des elektronischen Schaltens ist viel Zeit und Entwicklung vergangen. Mavic waren die Ersten die 20 G\u00e4nge per Knopfdruck schalten konnten. Zwei gelbe Kn\u00f6pfe aktivierten den Kolben im breiten Schaltwerk. Zugegebenerma\u00dfen wurde der Werfer per Schaltzug betrieben, daf\u00fcr thronte ein gro\u00dfer Hebel an der Innenseite des Bremshebels.<\/p>\n","protected":false},"author":2,"featured_media":0,"comment_status":"closed","ping_status":"closed","sticky":false,"template":"","format":"standard","meta":{"_et_pb_use_builder":"","_et_pb_old_content":"","_et_gb_content_width":"","footnotes":""},"categories":[68],"tags":[],"class_list":["post-984","post","type-post","status-publish","format-standard","hentry","category-radtechnik"],"_links":{"self":[{"href":"https:\/\/dr-rad.at\/tirol\/wp-json\/wp\/v2\/posts\/984","targetHints":{"allow":["GET"]}}],"collection":[{"href":"https:\/\/dr-rad.at\/tirol\/wp-json\/wp\/v2\/posts"}],"about":[{"href":"https:\/\/dr-rad.at\/tirol\/wp-json\/wp\/v2\/types\/post"}],"author":[{"embeddable":true,"href":"https:\/\/dr-rad.at\/tirol\/wp-json\/wp\/v2\/users\/2"}],"replies":[{"embeddable":true,"href":"https:\/\/dr-rad.at\/tirol\/wp-json\/wp\/v2\/comments?post=984"}],"version-history":[{"count":0,"href":"https:\/\/dr-rad.at\/tirol\/wp-json\/wp\/v2\/posts\/984\/revisions"}],"wp:attachment":[{"href":"https:\/\/dr-rad.at\/tirol\/wp-json\/wp\/v2\/media?parent=984"}],"wp:term":[{"taxonomy":"category","embeddable":true,"href":"https:\/\/dr-rad.at\/tirol\/wp-json\/wp\/v2\/categories?post=984"},{"taxonomy":"post_tag","embeddable":true,"href":"https:\/\/dr-rad.at\/tirol\/wp-json\/wp\/v2\/tags?post=984"}],"curies":[{"name":"wp","href":"https:\/\/api.w.org\/{rel}","templated":true}]}}