{"id":979,"date":"2017-03-23T00:00:00","date_gmt":"2017-03-23T00:00:00","guid":{"rendered":"http:\/\/dr-rad.at\/tirol\/bikecity-innsbruck\/"},"modified":"2019-07-29T06:22:26","modified_gmt":"2019-07-29T06:22:26","slug":"bikecity-innsbruck","status":"publish","type":"post","link":"https:\/\/dr-rad.at\/tirol\/bikecity-innsbruck\/","title":{"rendered":"Bikecity Innsbruck"},"content":{"rendered":"<p>Innsbruck will sich als Bike City etablieren. Schneearme Winter und eine zunehmende Zahl an Radaktiven stellt den hiesigen Tourismus hart auf die Probe. Gen\u00fcgte es bislang ein Schi- und Snowboard Konzept anzubieten, werden die Tourismusverb\u00e4nde nun aktiver. Nicht nur, dass Schilifte unter 1500 Meter \u00fcber dem Meer kaum noch gen\u00fcgend Schnee abbekommen, es ist das Schifahren ein elit\u00e4res Unterfangen geworden, welches man sich erst leisten will. Wenn sich eine Familie entschlie\u00dft ihren hartverdienten Urlaub in einem  Schigebiet zu verbringen, muss ob der Anreise, Unterkunft, Schipass und Verleihmaterial das Drumherum auch passen. <\/p>\n<p> Ob apr\u00e8s, oder in der Nacht, dem Schitouristen darf daher an Highlights geboten werden, damit er sich entschlie\u00dft der Schischaukel X gegen\u00fcber der Y den Vortritt zu lassen. Im Gegensatz dazu ist der sanfte Radtourist viel zu m\u00fcde, f\u00fcr Halli Galli nach einem aktiven Radtag. Viel zu achtsam geht er mit seinen Ressourcen um, und entscheidet sich mehr f\u00fcr die Eiscreme beim Abendspaziergang als f\u00fcr einen Absacker in der n\u00e4chsten Bar. Was bietet nun die Bikecity Innsbruck im Speziellen. Trails in der Axamer Lizum, Arzler Alm, G\u00f6tzens, Hungerburg, Mutterer Alm, Nordkette und im entferntesten Sinne die WUB Skate Halle. Sch\u00f6n gut. <\/p>\n<p> Wer die Zeiten kennt in denen sich der lokale Biker mit schimpfenden und w\u00fctenden nicht Bikern, aber sehr wohl Einheimischen auseinandersetzen hat m\u00fcssen, ist der neue Wind wie Balsam auf der Haut. Dass sich deswegen auch der Deutsche Biker ins benachbarte S\u00fcdtirol abgesetzt hat und Innsbruck und seine heimischen Wutb\u00fcrger hinter sich gelassen hat, war eine Konsequenz daraus. Statt also auf der Europabr\u00fccke nach Mutters zu blicken, soll der angesprochene Tourist auch hier halt machen. Mit oder ohne Mutter, mit oder ohne Kinder. Soweit der Plan der Touristiker. <\/p>\n<p> In der Hoffnung der tats\u00e4chlichen Umsetzung eines Mountainbike, Enduro, Marathon, Cross Country, Freeride, Downhill und Trail Angebots das sich gewaschen hat, freut sich auch der Rennrad, Cyclocross und Gravel Biker. Auch den heimischen Triathleten und winterlichen Schitourengehern w\u00fcrde solch eine Spielwiese gefallen. Lassen wir uns freudig auf den ersten Streich der Bikecity Innsbruck ein. Das Crankworx im Juni wird viel Airtime, Anlieger, Jumps und Wurzelwerk bieten. Zumindest mal zum Schauen.<\/p>\n","protected":false},"excerpt":{"rendered":"<p>Innsbruck will sich als Bike City etablieren. Schneearme Winter und eine zunehmende Zahl an Radaktiven stellt den hiesigen Tourismus hart auf die Probe. Gen\u00fcgte es bislang ein Schi- und Snowboard Konzept anzubieten, werden die Tourismusverb\u00e4nde nun aktiver. Nicht nur, dass Schilifte unter 1500 Meter \u00fcber dem Meer kaum noch gen\u00fcgend Schnee abbekommen, es ist das [&hellip;]<\/p>\n","protected":false},"author":2,"featured_media":0,"comment_status":"closed","ping_status":"closed","sticky":false,"template":"","format":"standard","meta":{"_et_pb_use_builder":"","_et_pb_old_content":"","_et_gb_content_width":"","footnotes":""},"categories":[71],"tags":[75,76],"class_list":["post-979","post","type-post","status-publish","format-standard","hentry","category-bike-city","tag-innsbruck","tag-tirol"],"_links":{"self":[{"href":"https:\/\/dr-rad.at\/tirol\/wp-json\/wp\/v2\/posts\/979","targetHints":{"allow":["GET"]}}],"collection":[{"href":"https:\/\/dr-rad.at\/tirol\/wp-json\/wp\/v2\/posts"}],"about":[{"href":"https:\/\/dr-rad.at\/tirol\/wp-json\/wp\/v2\/types\/post"}],"author":[{"embeddable":true,"href":"https:\/\/dr-rad.at\/tirol\/wp-json\/wp\/v2\/users\/2"}],"replies":[{"embeddable":true,"href":"https:\/\/dr-rad.at\/tirol\/wp-json\/wp\/v2\/comments?post=979"}],"version-history":[{"count":0,"href":"https:\/\/dr-rad.at\/tirol\/wp-json\/wp\/v2\/posts\/979\/revisions"}],"wp:attachment":[{"href":"https:\/\/dr-rad.at\/tirol\/wp-json\/wp\/v2\/media?parent=979"}],"wp:term":[{"taxonomy":"category","embeddable":true,"href":"https:\/\/dr-rad.at\/tirol\/wp-json\/wp\/v2\/categories?post=979"},{"taxonomy":"post_tag","embeddable":true,"href":"https:\/\/dr-rad.at\/tirol\/wp-json\/wp\/v2\/tags?post=979"}],"curies":[{"name":"wp","href":"https:\/\/api.w.org\/{rel}","templated":true}]}}