{"id":976,"date":"2017-03-20T00:00:00","date_gmt":"2017-03-20T00:00:00","guid":{"rendered":"http:\/\/dr-rad.at\/tirol\/bergrettung-meets-radsportveranstaltung\/"},"modified":"2019-07-29T06:22:26","modified_gmt":"2019-07-29T06:22:26","slug":"bergrettung-meets-radsportveranstaltung","status":"publish","type":"post","link":"https:\/\/dr-rad.at\/tirol\/bergrettung-meets-radsportveranstaltung\/","title":{"rendered":"Bergrettung meets Radsportveranstaltung"},"content":{"rendered":"<p>Kaum zu glauben aber bei der Euro 2008 im Fu\u00dfball war die Bergrettung vor Ort im Hintergrund aktiv und stets einsatzbereit. Selbiges passiert unz\u00e4hlige Male bei diversen Freiluftveranstaltungen wo Athleten oder Zuschauer in die Gefahr kommen mit einer Verletzung im Gel\u00e4nde oder nicht von der Rettung zug\u00e4nglichen Stelle zu liegen. <\/p>\n<p> Soll hei\u00dfen, dass sobald ein Rettungstransportwagen (RTW) nicht mehr direkt an den Verletzten herankommt, also im Wald, Gel\u00e4nde, Schlucht, Abgrund, Exponiertheit, steile Notwege kommt die Bergrettung zum Einsatz.  Mit Karabiner, Seil und Trage werden j\u00e4hrlich unz\u00e4hlige Patienten aus ihrer misslichen Lage befreit. Die einzige Alternative ist heutzutage der Hubschrauber, der gegen\u00fcber dem terrestrischen Abtransport \u00fcberlegen ist, bei Schlechtwetter aber eingeschr\u00e4nkt ist. <\/p>\n<p> Auch eine ambulante Bereitschaft vor Ort kann durch einen Hubschrauber au\u00dfer bei massiven finanziellen M\u00f6glichkeiten kaum geleistet werden. Die BergretterInnen werden entlang einer Wettkampfstrecke strategisch g\u00fcnstig verteilt, bei Bedarf wandern sie \u00fcberschlagen mit den Athleten zu einem neuen Streckenabschnitt mit. So ist jeder Posten im Falle sofort beim Verungl\u00fcckten zur Stelle. <\/p>\n<p> Beim Crankworx hat die Bergrettung Innsbruck nach YOG, Schi, Bob, Rodel und Skeleton Weltcup ihren n\u00e4chsten international bedeutsamen Ambulanzdienst im Sommer. Die Wahrscheinlichkeit eines oder oftmaligen Aktiv Werdens ist bei solch einem Kaliber eher als gro\u00df einzusch\u00e4tzen. Hohe Luftst\u00e4nde und waghalsige Geschwindigkeiten kombiniert mit wenig Knautschzone, tun bei Bodenkontakt ordentlich weh, autsch! <\/p>\n<p> Man darf jedenfalls auf eine interessante Veranstaltung freuen und hofft nat\u00fcrlich auf wenig \u201eBusera\u201c, wenn man Fendrichs \u201eEs lebe der Sport\u201c zitieren darf.<\/p>\n","protected":false},"excerpt":{"rendered":"<p>Kaum zu glauben aber bei der Euro 2008 im Fu\u00dfball war die Bergrettung vor Ort im Hintergrund aktiv und stets einsatzbereit. Selbiges passiert unz\u00e4hlige Male bei diversen Freiluftveranstaltungen wo Athleten oder Zuschauer in die Gefahr kommen mit einer Verletzung im Gel\u00e4nde oder nicht von der Rettung zug\u00e4nglichen Stelle zu liegen. Soll hei\u00dfen, dass sobald ein [&hellip;]<\/p>\n","protected":false},"author":2,"featured_media":0,"comment_status":"closed","ping_status":"closed","sticky":false,"template":"","format":"standard","meta":{"_et_pb_use_builder":"","_et_pb_old_content":"","_et_gb_content_width":"","footnotes":""},"categories":[80],"tags":[75,76],"class_list":["post-976","post","type-post","status-publish","format-standard","hentry","category-sicherheit","tag-innsbruck","tag-tirol"],"_links":{"self":[{"href":"https:\/\/dr-rad.at\/tirol\/wp-json\/wp\/v2\/posts\/976","targetHints":{"allow":["GET"]}}],"collection":[{"href":"https:\/\/dr-rad.at\/tirol\/wp-json\/wp\/v2\/posts"}],"about":[{"href":"https:\/\/dr-rad.at\/tirol\/wp-json\/wp\/v2\/types\/post"}],"author":[{"embeddable":true,"href":"https:\/\/dr-rad.at\/tirol\/wp-json\/wp\/v2\/users\/2"}],"replies":[{"embeddable":true,"href":"https:\/\/dr-rad.at\/tirol\/wp-json\/wp\/v2\/comments?post=976"}],"version-history":[{"count":0,"href":"https:\/\/dr-rad.at\/tirol\/wp-json\/wp\/v2\/posts\/976\/revisions"}],"wp:attachment":[{"href":"https:\/\/dr-rad.at\/tirol\/wp-json\/wp\/v2\/media?parent=976"}],"wp:term":[{"taxonomy":"category","embeddable":true,"href":"https:\/\/dr-rad.at\/tirol\/wp-json\/wp\/v2\/categories?post=976"},{"taxonomy":"post_tag","embeddable":true,"href":"https:\/\/dr-rad.at\/tirol\/wp-json\/wp\/v2\/tags?post=976"}],"curies":[{"name":"wp","href":"https:\/\/api.w.org\/{rel}","templated":true}]}}