{"id":902,"date":"2017-04-17T00:00:00","date_gmt":"2017-04-17T00:00:00","guid":{"rendered":"http:\/\/dr-rad.at\/tirol\/giro-del-trentino-2017-04-17\/"},"modified":"2019-07-29T06:22:26","modified_gmt":"2019-07-29T06:22:26","slug":"giro-del-trentino","status":"publish","type":"post","link":"https:\/\/dr-rad.at\/tirol\/giro-del-trentino\/","title":{"rendered":"Giro del Trentino"},"content":{"rendered":"<p>Was fr\u00fcher der Giro del Trentino war, stellt heute die Tour of the Alps dar. Was vorher sehr Italienisch anmutete ist nun von Tiroler Flair begleitet. Dieser Zeigte sich in Form von Niederschlag und Schnee bis auf 700 Meter. <\/p>\n<p> Die Bergkulisse in wei\u00df, statt fr\u00fchlingshaftes gr\u00fcn. Die erste Etappe von Kufstein auf die Hungerburg war quasi die Generalprobe f\u00fcr die Rad WM 2018. <\/p>\n<p> Einzig die Runden ums Stadtgebiet fehlten und mit der Zuschauerbegeisterung hielt es sich in Grenzen. Grenzenlos das Startfeld: die Fahrer von Bike Aid`s Project sind allesamt aus Afrikanischen L\u00e4ndern. Dieses grenzenlose Projekt soll f\u00fcr Furore sorgen. <\/p>\n<p> Das Wetter sind diese Athleten jedenfalls nicht gewohnt.<\/p>\n","protected":false},"excerpt":{"rendered":"<p>Was fr\u00fcher der Giro del Trentino war, stellt heute die Tour of the Alps dar. Was vorher sehr Italienisch anmutete ist nun von Tiroler Flair begleitet. Dieser Zeigte sich in Form von Niederschlag und Schnee bis auf 700 Meter. Die Bergkulisse in wei\u00df, statt fr\u00fchlingshaftes gr\u00fcn. Die erste Etappe von Kufstein auf die Hungerburg war [&hellip;]<\/p>\n","protected":false},"author":2,"featured_media":0,"comment_status":"closed","ping_status":"closed","sticky":false,"template":"","format":"standard","meta":{"_et_pb_use_builder":"","_et_pb_old_content":"","_et_gb_content_width":"","footnotes":""},"categories":[98],"tags":[118],"class_list":["post-902","post","type-post","status-publish","format-standard","hentry","category-radsport","tag-tirol-kufstein"],"_links":{"self":[{"href":"https:\/\/dr-rad.at\/tirol\/wp-json\/wp\/v2\/posts\/902","targetHints":{"allow":["GET"]}}],"collection":[{"href":"https:\/\/dr-rad.at\/tirol\/wp-json\/wp\/v2\/posts"}],"about":[{"href":"https:\/\/dr-rad.at\/tirol\/wp-json\/wp\/v2\/types\/post"}],"author":[{"embeddable":true,"href":"https:\/\/dr-rad.at\/tirol\/wp-json\/wp\/v2\/users\/2"}],"replies":[{"embeddable":true,"href":"https:\/\/dr-rad.at\/tirol\/wp-json\/wp\/v2\/comments?post=902"}],"version-history":[{"count":0,"href":"https:\/\/dr-rad.at\/tirol\/wp-json\/wp\/v2\/posts\/902\/revisions"}],"wp:attachment":[{"href":"https:\/\/dr-rad.at\/tirol\/wp-json\/wp\/v2\/media?parent=902"}],"wp:term":[{"taxonomy":"category","embeddable":true,"href":"https:\/\/dr-rad.at\/tirol\/wp-json\/wp\/v2\/categories?post=902"},{"taxonomy":"post_tag","embeddable":true,"href":"https:\/\/dr-rad.at\/tirol\/wp-json\/wp\/v2\/tags?post=902"}],"curies":[{"name":"wp","href":"https:\/\/api.w.org\/{rel}","templated":true}]}}