{"id":3047,"date":"2023-11-16T12:39:38","date_gmt":"2023-11-16T12:39:38","guid":{"rendered":"https:\/\/dr-rad.at\/tirol\/?p=3047"},"modified":"2023-11-16T12:39:38","modified_gmt":"2023-11-16T12:39:38","slug":"windschatten-das-neue-live-magazin-der-tour-of-austria","status":"publish","type":"post","link":"https:\/\/dr-rad.at\/tirol\/windschatten-das-neue-live-magazin-der-tour-of-austria\/","title":{"rendered":"windschatten-das-neue-live-magazin-der-tour-of-austria"},"content":{"rendered":"<p>\u00d6-Tour, Fritz Dodes, Hey-hey!, diese Worte l\u00f6sen bei radsportfaszinierten Personen allergische Reaktionen aus. Legend\u00e4r waren die Abfahrten (aus marketinggr\u00fcnden auch mit Scheibenrad), die Zielank\u00fcnfte in gro\u00dfen und kleinen Gemeinden, die Annahme vom Verpflegung und der damit verbundenen Sammlung von Troph\u00e4en bzw. Souvenirs, die teils patscherten Stillst\u00e4nde vom Hauptfeld vor geschlossenen Bahn\u00fcberg\u00e4ngen, die statischen Bilder von Kircht\u00fcrmen und anderen Geb\u00e4uden &#8211; mit dem Versuch dadurch touristisches Verlangen zu erzeugen -und dem Kommentar von Fritz Dodes, der in den Achtzigern Synonym f\u00fcr den Radsport in \u00d6sterreich war. Vergleiche mit Karsten Migels auf Eurosport tun sich unzul\u00e4ssigerweise auf, und die quasi Titelmelodie der \u00d6sterreich Tour kommt einem in den Sinn. &#8222;Hey-hey&#8220;, war einer der ersten Synthie-Knaller, pr\u00e4sentiert von Gershon Kingsley, was damals nur die Wenigsten wussten.<br \/>\nDiese Steilvorlage war zu Zeiten der Amateure selbstverst\u00e4ndlich, die Tour war ein Fixpunkt im heimischen Sportgeschehen, doch irgendwann wurde es still um die \u00d6-Tour. Das obwohl \u00d6sterreich sehr Radsport begeistert ist, sich dadurch touristisch bestens verkaufen l\u00e4sst, dem heimischen Vereine eine Plattform bietet &#8211; ein Sieger aus \u00d6sterreich war damals fast garantiert. Doch als die \u00d6-Tour seit der Einheitslizenz in die zweite Kategorie abgerutscht ist, ist sie international in die Bedeutungslosigkeit abgedriftet, was auch aufgrund der Vielzahl an Kategorie 1 Rennen nicht verwunderlich ist. Da hilft auch nicht die Tatsache, dass sich \u00d6sterreicher:innen in den Ergebnislisten fest vorne verankert und etabliert haben, und ja, auch Radsportler aus \u00d6sterreich sind cool, ebenso wie die Veranstaltungen (WM Salzburg, WM Innsbruck, Kieslinger, Gall, Gogl, Gro\u00dfschartner, Haller, Konrad, Gamper, Schweinberger, Schrempf, Stigger, Mitterwallner, \u00d6tzi, Salzkammergut-Trophy).<br \/>\nDas soll sich nun \u00e4ndern und endlich ein Ende haben. Nach vorne schauen, Ressourcen b\u00fcndeln, ein Risiko eingehen &#8230; mit einem ordentlichen Konzept und Einsatz der Beteiligten hat die Saison 23 einen Neustart der \u00d6-Tour gebracht. Ich selbst konnte ich mich am Rennweg von der professionellen Abwicklung und Absperrung \u00fcberzeugen. Das Radsport Fieber war nicht nur wegen der hohen Temperaturen beim Brodeln.<\/p>\n<p>Anekdote:<br \/>\nW\u00fcrden die Rennfahrer wissen, wie die Exekutive erst kurz vor Ankunft mit Autofahrern und Passanten in Erkl\u00e4rungsnot, aufkl\u00e4rungsbed\u00fcrftig den Weg frei machen, w\u00fcrden die Teilnehmer wahrscheinlich nicht solch krasse Kurven fahren, um selbstverst\u00e4ndlich die Stra\u00dfenbreite auszunutzen.<br \/>\nKurven schneiden und blind in die Schikane fahren geh\u00f6rt dazu, schlie\u00dflich ist Wettkampf angesagt &#8222;Second Place ist first loser&#8220;. Trotzdem gehen sich manche harte Nicht-Kontakte nur knapp aus. man will sich die Folgen gar nicht ausmalen.<\/p>\n<p>Ganz entspannt hingegen schauen wir uns das TV Magazin der Tour of Austria im warmen und hellen Studio an. Das Live Magazin &#8222;Windschatten&#8220; auf YouTube und K1, moderiert von Thomas Pupp, soll Lust auf Radsport machen und dabei die \u00d6-Tour promoten. Geplant als monatliches Event &#8211; war schon die erste Ausgabe sensationell geil. Eher zuf\u00e4llig konnte ich dabei sein und mich pers\u00f6nlich von der Erstausgabe \u00fcberzeugen, mit illustren und hochkar\u00e4tigen G\u00e4sten. Ebenso das Publikum gespickt mit Bekannten und vertrauten Gesichtern, war die Medienhalle bei der Premiere gut gef\u00fcllt, das &#8222;Get-together&#8220; bot viele Gespr\u00e4che f\u00fcr den Austausch. In der Hoffnung, dass sich dies etabliert, institutionalisiert und quasi regelm\u00e4\u00dfig stattfindet, freue ich mich nicht nur auf die Velo-Zukunft, sondern auch, dass der Tour mehr Nachdruck verliehen wird.<br \/>\nDer fachspezifische Austausch ist f\u00fcr Freaks verst\u00e4ndlich, da sie den Fachduktus inne haben. F\u00fcr noch nicht Radsportbegeisterte m\u00fcsste der Inhalt generalisiert oder mit Zusatzinfo versehen werden. Denn f\u00fcr diese Zielgruppe will so mancher Inhalt auf ein allgemeines Verst\u00e4ndnis-Niveau herunter gebrochen werden, denn Radrennsport ist in seiner Gesamtheit und Bubble eben auch nur f\u00fcr Aktive und Leidensgenossen verstehbar, der Sich-nicht-plagen-wollende verliert dabei schnell den Anschluss. Dabei hilft auch kein Windschatten, denn den kann auch ein Untrainierter nicht halten\u00a0 \ud83d\ude42<\/p>\n<p>&nbsp;<\/p>\n<p><a href=\"https:\/\/tourofaustria.com\/windschatten-das-neue-live-magazin-der-tour-of-austria\/\">WINDSCHATTEN<\/a><\/p>\n<p>&nbsp;<\/p>\n<p>&nbsp;<\/p>\n<p>&nbsp;<\/p>\n","protected":false},"excerpt":{"rendered":"<p>\u00d6-Tour, Fritz Dodes, Hey-hey!, diese Worte l\u00f6sen bei radsportfaszinierten Personen allergische Reaktionen aus. Legend\u00e4r waren die Abfahrten (aus marketinggr\u00fcnden auch mit Scheibenrad), die Zielank\u00fcnfte in gro\u00dfen und kleinen Gemeinden, die Annahme vom Verpflegung und der damit verbundenen Sammlung von Troph\u00e4en bzw. Souvenirs, die teils patscherten Stillst\u00e4nde vom Hauptfeld vor geschlossenen Bahn\u00fcberg\u00e4ngen, die statischen Bilder von [&hellip;]<\/p>\n","protected":false},"author":3,"featured_media":0,"comment_status":"closed","ping_status":"closed","sticky":false,"template":"","format":"standard","meta":{"_et_pb_use_builder":"","_et_pb_old_content":"","_et_gb_content_width":"","footnotes":""},"categories":[71,122,247,208],"tags":[],"class_list":["post-3047","post","type-post","status-publish","format-standard","hentry","category-bike-city","category-veranstaltung","category-youtube","category-zuschauer"],"_links":{"self":[{"href":"https:\/\/dr-rad.at\/tirol\/wp-json\/wp\/v2\/posts\/3047","targetHints":{"allow":["GET"]}}],"collection":[{"href":"https:\/\/dr-rad.at\/tirol\/wp-json\/wp\/v2\/posts"}],"about":[{"href":"https:\/\/dr-rad.at\/tirol\/wp-json\/wp\/v2\/types\/post"}],"author":[{"embeddable":true,"href":"https:\/\/dr-rad.at\/tirol\/wp-json\/wp\/v2\/users\/3"}],"replies":[{"embeddable":true,"href":"https:\/\/dr-rad.at\/tirol\/wp-json\/wp\/v2\/comments?post=3047"}],"version-history":[{"count":1,"href":"https:\/\/dr-rad.at\/tirol\/wp-json\/wp\/v2\/posts\/3047\/revisions"}],"predecessor-version":[{"id":3048,"href":"https:\/\/dr-rad.at\/tirol\/wp-json\/wp\/v2\/posts\/3047\/revisions\/3048"}],"wp:attachment":[{"href":"https:\/\/dr-rad.at\/tirol\/wp-json\/wp\/v2\/media?parent=3047"}],"wp:term":[{"taxonomy":"category","embeddable":true,"href":"https:\/\/dr-rad.at\/tirol\/wp-json\/wp\/v2\/categories?post=3047"},{"taxonomy":"post_tag","embeddable":true,"href":"https:\/\/dr-rad.at\/tirol\/wp-json\/wp\/v2\/tags?post=3047"}],"curies":[{"name":"wp","href":"https:\/\/api.w.org\/{rel}","templated":true}]}}