{"id":3042,"date":"2023-11-14T11:21:55","date_gmt":"2023-11-14T11:21:55","guid":{"rendered":"https:\/\/dr-rad.at\/tirol\/?p=3042"},"modified":"2023-11-14T11:21:55","modified_gmt":"2023-11-14T11:21:55","slug":"luftdruck","status":"publish","type":"post","link":"https:\/\/dr-rad.at\/tirol\/luftdruck\/","title":{"rendered":"Luftdruck"},"content":{"rendered":"<p>Empfehlungen, Orientierung und Richtwerte f\u00fcr den Luftdruck in Fahrradreifen bei Weltcuprennen. Naturgem\u00e4\u00df je nach Untergrund zu adaptieren&#8230;<\/p>\n<p>MTB:<\/p>\n<p>Tubeless 1.1-1.2 bar<\/p>\n<p>Strasse:<\/p>\n<p>Schlauchreifen: 6.2 front &#8211; 6.4 rear<br \/>\nTubeless: front 5.5 &#8211; rear 5.7<\/p>\n<p>so etwas Grobes wie Paris Roubaix: front 4.4 &#8211; rear 4.6<\/p>\n","protected":false},"excerpt":{"rendered":"<p>Empfehlungen, Orientierung und Richtwerte f\u00fcr den Luftdruck in Fahrradreifen bei Weltcuprennen. Naturgem\u00e4\u00df je nach Untergrund zu adaptieren&#8230; MTB: Tubeless 1.1-1.2 bar Strasse: Schlauchreifen: 6.2 front &#8211; 6.4 rear Tubeless: front 5.5 &#8211; rear 5.7 so etwas Grobes wie Paris Roubaix: front 4.4 &#8211; rear 4.6<\/p>\n","protected":false},"author":3,"featured_media":0,"comment_status":"closed","ping_status":"closed","sticky":false,"template":"","format":"standard","meta":{"_et_pb_use_builder":"","_et_pb_old_content":"","_et_gb_content_width":"","footnotes":""},"categories":[68,276],"tags":[],"class_list":["post-3042","post","type-post","status-publish","format-standard","hentry","category-radtechnik","category-reifen"],"_links":{"self":[{"href":"https:\/\/dr-rad.at\/tirol\/wp-json\/wp\/v2\/posts\/3042","targetHints":{"allow":["GET"]}}],"collection":[{"href":"https:\/\/dr-rad.at\/tirol\/wp-json\/wp\/v2\/posts"}],"about":[{"href":"https:\/\/dr-rad.at\/tirol\/wp-json\/wp\/v2\/types\/post"}],"author":[{"embeddable":true,"href":"https:\/\/dr-rad.at\/tirol\/wp-json\/wp\/v2\/users\/3"}],"replies":[{"embeddable":true,"href":"https:\/\/dr-rad.at\/tirol\/wp-json\/wp\/v2\/comments?post=3042"}],"version-history":[{"count":1,"href":"https:\/\/dr-rad.at\/tirol\/wp-json\/wp\/v2\/posts\/3042\/revisions"}],"predecessor-version":[{"id":3043,"href":"https:\/\/dr-rad.at\/tirol\/wp-json\/wp\/v2\/posts\/3042\/revisions\/3043"}],"wp:attachment":[{"href":"https:\/\/dr-rad.at\/tirol\/wp-json\/wp\/v2\/media?parent=3042"}],"wp:term":[{"taxonomy":"category","embeddable":true,"href":"https:\/\/dr-rad.at\/tirol\/wp-json\/wp\/v2\/categories?post=3042"},{"taxonomy":"post_tag","embeddable":true,"href":"https:\/\/dr-rad.at\/tirol\/wp-json\/wp\/v2\/tags?post=3042"}],"curies":[{"name":"wp","href":"https:\/\/api.w.org\/{rel}","templated":true}]}}