{"id":3018,"date":"2023-06-03T13:58:20","date_gmt":"2023-06-03T13:58:20","guid":{"rendered":"https:\/\/dr-rad.at\/tirol\/?p=3018"},"modified":"2023-06-03T13:59:38","modified_gmt":"2023-06-03T13:59:38","slug":"welt-fahrrad-tag","status":"publish","type":"post","link":"https:\/\/dr-rad.at\/tirol\/welt-fahrrad-tag\/","title":{"rendered":"Welt-Fahrrad-Tag"},"content":{"rendered":"<header>\n<div class=\"pcs-edit-section-header v2\">\n<div class=\"pcs-header-inner-left\">\n<h1 class=\"pcs-edit-section-title\" data-id=\"0\">Der <b>Weltfahrradtag<\/b> wird heute am <a title=\"3. Juni\" href=\"https:\/\/de.wikipedia.org\/api\/rest_v1\/page\/mobile-html\/3._Juni\">3. Juni \u00a0gefeiert!<\/a><\/h1>\n<h1 class=\"pcs-edit-section-title\" data-id=\"0\">Er wurde am <a title=\"12. April\" href=\"https:\/\/de.wikipedia.org\/api\/rest_v1\/page\/mobile-html\/12._April\">12. April<\/a> <a title=\"2018\" href=\"https:\/\/de.wikipedia.org\/api\/rest_v1\/page\/mobile-html\/2018\">2018 <\/a>als ein offizieller <a class=\"mw-redirect\" title=\"UN\" href=\"https:\/\/de.wikipedia.org\/api\/rest_v1\/page\/mobile-html\/UN\">UN<\/a>&#8211;<a title=\"Welttag\" href=\"https:\/\/de.wikipedia.org\/api\/rest_v1\/page\/mobile-html\/Welttag\">Tag<\/a> des Bewusstseins \u00fcber die gesellschaftlichen Vorteile der <a title=\"Fahrrad\" href=\"https:\/\/de.wikipedia.org\/api\/rest_v1\/page\/mobile-html\/Fahrrad\">Fahrradnutzung<\/a> verabschiedet.<\/h1>\n<\/div>\n<\/div>\n<\/header>\n<section data-mw-section-id=\"0\">Nachdem die Ank\u00fcndigung gemacht wurde, verk\u00fcndete Generalsekret\u00e4r Bernhard Ensink von der <a class=\"mw-redirect\" title=\"European Cyclists' Federation\" href=\"https:\/\/de.wikipedia.org\/api\/rest_v1\/page\/mobile-html\/European_Cyclists'_Federation\">European Cyclists&#8216; Federation<\/a>, dass das Fahrradfahren gesellschaftliche, \u00f6konomische und \u00f6kologische Vorteile habe und die Menschen einander n\u00e4her bringe. <img decoding=\"async\" class=\"alignnone size-medium wp-image-3019\" src=\"https:\/\/dr-rad.at\/tirol\/wp-content\/uploads\/2023\/06\/IMG_9497-250x239.jpeg\" alt=\"\" width=\"250\" height=\"239\" \/><\/section>\n","protected":false},"excerpt":{"rendered":"<p>Der Weltfahrradtag wird heute am 3. Juni \u00a0gefeiert! Er wurde am 12. April 2018 als ein offizieller UN&#8211;Tag des Bewusstseins \u00fcber die gesellschaftlichen Vorteile der Fahrradnutzung verabschiedet. Nachdem die Ank\u00fcndigung gemacht wurde, verk\u00fcndete Generalsekret\u00e4r Bernhard Ensink von der European Cyclists&#8216; Federation, dass das Fahrradfahren gesellschaftliche, \u00f6konomische und \u00f6kologische Vorteile habe und die Menschen einander n\u00e4her [&hellip;]<\/p>\n","protected":false},"author":3,"featured_media":0,"comment_status":"closed","ping_status":"closed","sticky":false,"template":"","format":"standard","meta":{"_et_pb_use_builder":"","_et_pb_old_content":"","_et_gb_content_width":"","footnotes":""},"categories":[284],"tags":[],"class_list":["post-3018","post","type-post","status-publish","format-standard","hentry","category-fahrradgeschichte"],"_links":{"self":[{"href":"https:\/\/dr-rad.at\/tirol\/wp-json\/wp\/v2\/posts\/3018","targetHints":{"allow":["GET"]}}],"collection":[{"href":"https:\/\/dr-rad.at\/tirol\/wp-json\/wp\/v2\/posts"}],"about":[{"href":"https:\/\/dr-rad.at\/tirol\/wp-json\/wp\/v2\/types\/post"}],"author":[{"embeddable":true,"href":"https:\/\/dr-rad.at\/tirol\/wp-json\/wp\/v2\/users\/3"}],"replies":[{"embeddable":true,"href":"https:\/\/dr-rad.at\/tirol\/wp-json\/wp\/v2\/comments?post=3018"}],"version-history":[{"count":3,"href":"https:\/\/dr-rad.at\/tirol\/wp-json\/wp\/v2\/posts\/3018\/revisions"}],"predecessor-version":[{"id":3022,"href":"https:\/\/dr-rad.at\/tirol\/wp-json\/wp\/v2\/posts\/3018\/revisions\/3022"}],"wp:attachment":[{"href":"https:\/\/dr-rad.at\/tirol\/wp-json\/wp\/v2\/media?parent=3018"}],"wp:term":[{"taxonomy":"category","embeddable":true,"href":"https:\/\/dr-rad.at\/tirol\/wp-json\/wp\/v2\/categories?post=3018"},{"taxonomy":"post_tag","embeddable":true,"href":"https:\/\/dr-rad.at\/tirol\/wp-json\/wp\/v2\/tags?post=3018"}],"curies":[{"name":"wp","href":"https:\/\/api.w.org\/{rel}","templated":true}]}}