{"id":3001,"date":"2023-03-07T11:27:09","date_gmt":"2023-03-07T11:27:09","guid":{"rendered":"https:\/\/dr-rad.at\/tirol\/?p=3001"},"modified":"2023-03-07T19:26:34","modified_gmt":"2023-03-07T19:26:34","slug":"fahrrad-ausverkauf-schon-zu-saisonbeginn","status":"publish","type":"post","link":"https:\/\/dr-rad.at\/tirol\/fahrrad-ausverkauf-schon-zu-saisonbeginn\/","title":{"rendered":"Fahrrad-Ausverkauf schon zu Saisonbeginn"},"content":{"rendered":"<p>[et_pb_section fb_built=&#8220;1&#8243; admin_label=&#8220;section&#8220; _builder_version=&#8220;4.16&#8243; global_colors_info=&#8220;{}&#8220;][et_pb_row admin_label=&#8220;row&#8220; _builder_version=&#8220;4.16&#8243; background_size=&#8220;initial&#8220; background_position=&#8220;top_left&#8220; background_repeat=&#8220;repeat&#8220; global_colors_info=&#8220;{}&#8220;][et_pb_column type=&#8220;4_4&#8243; _builder_version=&#8220;4.16&#8243; custom_padding=&#8220;|||&#8220; global_colors_info=&#8220;{}&#8220; custom_padding__hover=&#8220;|||&#8220;][et_pb_text admin_label=&#8220;Text&#8220; _builder_version=&#8220;4.20.0&#8243; background_size=&#8220;initial&#8220; background_position=&#8220;top_left&#8220; background_repeat=&#8220;repeat&#8220; global_colors_info=&#8220;{}&#8220; text_font=&#8220;||||||||&#8220;]<\/p>\n<p><img decoding=\"async\" class=\"wp-image-3006 alignnone size-large\" src=\"https:\/\/dr-rad.at\/tirol\/wp-content\/uploads\/2023\/03\/Bildschirmfoto-2023-03-05-um-17.55.17-241x300.png\" alt=\"\" width=\"241\" height=\"300\" \/><\/p>\n<p>Radh\u00e4ndler senken ihre preise!<\/p>\n<p>fahrr\u00e4der werden akut billiger &#8211; profitieren davon die endkunden?<\/p>\n<p>zum start in die fahrradsaison 2023 gibt es nun ein \u00fcberangebot an r\u00e4dern.<br \/>die lager sind voll, weil die h\u00e4ndler zu viel ware bestellt haben.<\/p>\n<p>mehr r\u00e4der als kunden &#8211; das gab es schon lange nicht mehr.<\/p>\n<p>die konsequenz ist ein nachlassen der preise, um den lagern wieder platz zu schaffen, eine sp\u00e4tfolge der pandemie und ein dilemma, weil neuware keinen freien showroom mehr vorfindet<\/p>\n<p>preissturz bei fahrr\u00e4dern durch ein \u00fcberangebot<br \/>ein schn\u00e4ppchen im fr\u00fchjahr ergattern!<\/p>\n<p>nach der corona pandemie in der viele ein rad kaufen wollten und es lieferkettenprobleme gab ist der markt nun am boden<\/p>\n<p>die fahrradindustrie konnte \u00fcber monate keine r\u00e4der und ersatzteile aus china liefern. viele h\u00e4ndler orderten auf &#8222;gut gl\u00fcck&#8220; fahrr\u00e4der und teile mit hohen erwartungen.<\/p>\n<p>nach dem motto: wenn wenigstens ein teil der bestellung geliefert wird, hab ich was anzubieten.<\/p>\n<p>in der zwischenzeit wurde aber fast alles geliefert, plus die neue order die schon in den startl\u00f6chern steht.<\/p>\n<p>&nbsp;<\/p>\n<p>ein \u00fcberangebot ist die folge. ist auch ihr rad dabei?<\/p>\n<p>guter zeitpunkt f\u00fcr einen g\u00fcnstigen fahrradkauf<\/p>\n<p>rabatte f\u00fcr fahrr\u00e4der und e-bikes durch halbierte preise, was durch das generell hohe preisniveau keine kunst ist.<\/p>\n<p>denn die hohe nachfrage hat die preise nach oben geschraubt und die lieferprobleme haben das gerechtfertigt. nun ist wieder das normalniveau erreicht und die wellen ebben ab.<\/p>\n<p>&nbsp;<\/p>\n<p>trotzdem gilt: get your bike and ride it!<\/p>\n<p>&nbsp;<\/p>\n<p>[\/et_pb_text][\/et_pb_column][\/et_pb_row][\/et_pb_section]<\/p>\n","protected":false},"excerpt":{"rendered":"<p>Radh\u00e4ndler senken ihre preise! fahrr\u00e4der werden akut billiger &#8211; profitieren davon die endkunden? zum start in die fahrradsaison 2023 gibt es nun ein \u00fcberangebot an r\u00e4dern.die lager sind voll, weil die h\u00e4ndler zu viel ware bestellt haben. mehr r\u00e4der als kunden &#8211; das gab es schon lange nicht mehr. die konsequenz ist ein nachlassen der [&hellip;]<\/p>\n","protected":false},"author":2,"featured_media":0,"comment_status":"closed","ping_status":"closed","sticky":false,"template":"","format":"standard","meta":{"_et_pb_use_builder":"on","_et_pb_old_content":"DIE RADH\u00c4NDLER SENKEN IHRE PREISE\r\nFahrr\u00e4der werden akut billiger - profitieren davon die Endkunden?\r\n\r\nZUM START IN DIE FAHRRADSAISON 2023 GIBT ES NUN EIN \u00dcBERANGEBOT AN R\u00c4DERN.\r\nDIE LAGER SIND VOLL, WEIL DIE H\u00c4NDLER ZU VIEL WARE BESTELLT HABEN.\r\n\r\nMehr R\u00e4der als Kunden - das gab es schon lange nicht mehr.\r\n\r\nDie Konsequenz ist ein Nachlassen der Preise, um den Lagern wieder Platz zu schaffen, eine Sp\u00e4tfolge der Pandemie und ein Dilemma weil Neuware keinen freien showroom mehr vorfindet\r\n\r\n<strong>Preissturz bei Fahrr\u00e4dern durch ein \u00dcberangebot<\/strong>\r\nEin Schn\u00e4ppchen im Fr\u00fchjahr ergattern!\r\n\r\nNach der Corona Pandemie in der viele ein Rad kaufen wollten und es Lieferkettenprobleme gab ist der Markt nun am Boden\r\n\r\nDie Fahrradindustrie konnte \u00fcber Monate keine R\u00e4der und Ersatzteile aus China liefern. Viele H\u00e4ndler orderten auf \"gut Gl\u00fcck\" Fahrr\u00e4der und Teile mit hohen Erwartungen.\r\n\r\nNach dem Motto: wenn wenigstens ein Teil der Bestellung geliefert wird, hab ich was anzubieten.\r\n\r\nIn der Zwischenzeit wurde aber fast alles geliefert, plus die neue Order die schon in den Startl\u00f6chern steht.\r\n\r\n\u00a0\r\n\r\nEin \u00dcberangebot ist die Folge. Ist auch ihr Rad dabei?\r\n\r\n<strong>Guter Zeitpunkt f\u00fcr einen g\u00fcnstigen Fahrradkauf<\/strong>\r\n\r\nRabatte f\u00fcr Fahrr\u00e4der und E-Bikes durch halbierte Preise, was durch das generell hohe Preisniveau keine Kunst ist.\r\n\r\nDenn die hohe Nachfrage hat die Preise nach oben geschraubt und die Lieferprobleme haben das gerechtfertigt. Nun ist wieder das Normalniveau erreicht und die Wellen ebben ab.\r\n\r\n\u00a0\r\n\r\nTrotzdem gilt: get your bike and ride it!","_et_gb_content_width":"","footnotes":""},"categories":[91],"tags":[],"class_list":["post-3001","post","type-post","status-publish","format-standard","hentry","category-saison"],"_links":{"self":[{"href":"https:\/\/dr-rad.at\/tirol\/wp-json\/wp\/v2\/posts\/3001","targetHints":{"allow":["GET"]}}],"collection":[{"href":"https:\/\/dr-rad.at\/tirol\/wp-json\/wp\/v2\/posts"}],"about":[{"href":"https:\/\/dr-rad.at\/tirol\/wp-json\/wp\/v2\/types\/post"}],"author":[{"embeddable":true,"href":"https:\/\/dr-rad.at\/tirol\/wp-json\/wp\/v2\/users\/2"}],"replies":[{"embeddable":true,"href":"https:\/\/dr-rad.at\/tirol\/wp-json\/wp\/v2\/comments?post=3001"}],"version-history":[{"count":4,"href":"https:\/\/dr-rad.at\/tirol\/wp-json\/wp\/v2\/posts\/3001\/revisions"}],"predecessor-version":[{"id":3007,"href":"https:\/\/dr-rad.at\/tirol\/wp-json\/wp\/v2\/posts\/3001\/revisions\/3007"}],"wp:attachment":[{"href":"https:\/\/dr-rad.at\/tirol\/wp-json\/wp\/v2\/media?parent=3001"}],"wp:term":[{"taxonomy":"category","embeddable":true,"href":"https:\/\/dr-rad.at\/tirol\/wp-json\/wp\/v2\/categories?post=3001"},{"taxonomy":"post_tag","embeddable":true,"href":"https:\/\/dr-rad.at\/tirol\/wp-json\/wp\/v2\/tags?post=3001"}],"curies":[{"name":"wp","href":"https:\/\/api.w.org\/{rel}","templated":true}]}}