{"id":2927,"date":"2022-10-03T18:29:33","date_gmt":"2022-10-03T18:29:33","guid":{"rendered":"https:\/\/dr-rad.at\/tirol\/?p=2927"},"modified":"2022-10-03T18:29:33","modified_gmt":"2022-10-03T18:29:33","slug":"stvo-neue-regeln-fuer-radfahrerinnen-2m-mindestabstand","status":"publish","type":"post","link":"https:\/\/dr-rad.at\/tirol\/stvo-neue-regeln-fuer-radfahrerinnen-2m-mindestabstand\/","title":{"rendered":"STVO: Neue Regeln f\u00fcr Radfahrer:innen 2m Mindestabstand"},"content":{"rendered":"<p>Ab Okober neu: 2m Mindestabstand beim \u00dcberholen! Autos durften sich bisher mit 1.5m Seitabstand am fahrenden Radfahrer vorbeischleichen. Damit ist nun Schlu\u00df!<\/p>\n<p>1.5m sind f\u00fcr viele offensichtlich nicht einsch\u00e4tzbar, denn nicht selten wird auf Tuchf\u00fchlung \u00fcberholt. Nun ist der Abstand so gro\u00df wie ein Basketballer mit guten Chancen auf K\u00f6rbe oder ein Volleyballer der sich beim Blocken gut in den Weg stellt. Selbstverst\u00e4ndlich gilt diese Gr\u00f6\u00dfe auch bei weiblichen Spielerinnen und vor allem bei Radfahrerinnen. Diese k\u00f6nnen auch von Autofahrerinnen im SUV \u00fcberholt werden, womit das Gendern f\u00fcr diese neue Verordnung auch gekl\u00e4rt w\u00e4re!<\/p>\n<p><img decoding=\"async\" class=\"alignnone size-large wp-image-2928\" src=\"https:\/\/dr-rad.at\/tirol\/wp-content\/uploads\/2022\/10\/U\u0308berholen-Radfahrer-300x300.png\" alt=\"\" width=\"300\" height=\"300\" srcset=\"https:\/\/dr-rad.at\/tirol\/wp-content\/uploads\/2022\/10\/U\u0308berholen-Radfahrer-300x300.png 300w, https:\/\/dr-rad.at\/tirol\/wp-content\/uploads\/2022\/10\/U\u0308berholen-Radfahrer-250x250.png 250w, https:\/\/dr-rad.at\/tirol\/wp-content\/uploads\/2022\/10\/U\u0308berholen-Radfahrer-150x150.png 150w, https:\/\/dr-rad.at\/tirol\/wp-content\/uploads\/2022\/10\/U\u0308berholen-Radfahrer-768x768.png 768w, https:\/\/dr-rad.at\/tirol\/wp-content\/uploads\/2022\/10\/U\u0308berholen-Radfahrer-1080x1080.png 1080w, https:\/\/dr-rad.at\/tirol\/wp-content\/uploads\/2022\/10\/U\u0308berholen-Radfahrer-980x980.png 980w, https:\/\/dr-rad.at\/tirol\/wp-content\/uploads\/2022\/10\/U\u0308berholen-Radfahrer-480x480.png 480w, https:\/\/dr-rad.at\/tirol\/wp-content\/uploads\/2022\/10\/U\u0308berholen-Radfahrer.png 1200w\" sizes=\"(max-width: 300px) 100vw, 300px\" \/><\/p>\n","protected":false},"excerpt":{"rendered":"<p>Ab Okober neu: 2m Mindestabstand beim \u00dcberholen! Autos durften sich bisher mit 1.5m Seitabstand am fahrenden Radfahrer vorbeischleichen. Damit ist nun Schlu\u00df! 1.5m sind f\u00fcr viele offensichtlich nicht einsch\u00e4tzbar, denn nicht selten wird auf Tuchf\u00fchlung \u00fcberholt. Nun ist der Abstand so gro\u00df wie ein Basketballer mit guten Chancen auf K\u00f6rbe oder ein Volleyballer der sich [&hellip;]<\/p>\n","protected":false},"author":2,"featured_media":0,"comment_status":"closed","ping_status":"closed","sticky":false,"template":"","format":"standard","meta":{"_et_pb_use_builder":"","_et_pb_old_content":"","_et_gb_content_width":"","footnotes":""},"categories":[283,282],"tags":[],"class_list":["post-2927","post","type-post","status-publish","format-standard","hentry","category-strassenverkehr","category-stvo"],"_links":{"self":[{"href":"https:\/\/dr-rad.at\/tirol\/wp-json\/wp\/v2\/posts\/2927","targetHints":{"allow":["GET"]}}],"collection":[{"href":"https:\/\/dr-rad.at\/tirol\/wp-json\/wp\/v2\/posts"}],"about":[{"href":"https:\/\/dr-rad.at\/tirol\/wp-json\/wp\/v2\/types\/post"}],"author":[{"embeddable":true,"href":"https:\/\/dr-rad.at\/tirol\/wp-json\/wp\/v2\/users\/2"}],"replies":[{"embeddable":true,"href":"https:\/\/dr-rad.at\/tirol\/wp-json\/wp\/v2\/comments?post=2927"}],"version-history":[{"count":1,"href":"https:\/\/dr-rad.at\/tirol\/wp-json\/wp\/v2\/posts\/2927\/revisions"}],"predecessor-version":[{"id":2929,"href":"https:\/\/dr-rad.at\/tirol\/wp-json\/wp\/v2\/posts\/2927\/revisions\/2929"}],"wp:attachment":[{"href":"https:\/\/dr-rad.at\/tirol\/wp-json\/wp\/v2\/media?parent=2927"}],"wp:term":[{"taxonomy":"category","embeddable":true,"href":"https:\/\/dr-rad.at\/tirol\/wp-json\/wp\/v2\/categories?post=2927"},{"taxonomy":"post_tag","embeddable":true,"href":"https:\/\/dr-rad.at\/tirol\/wp-json\/wp\/v2\/tags?post=2927"}],"curies":[{"name":"wp","href":"https:\/\/api.w.org\/{rel}","templated":true}]}}