{"id":2904,"date":"2022-05-21T19:32:50","date_gmt":"2022-05-21T19:32:50","guid":{"rendered":"https:\/\/dr-rad.at\/tirol\/?p=2904"},"modified":"2022-05-22T19:39:23","modified_gmt":"2022-05-22T19:39:23","slug":"brenner-rad-bahn-brb","status":"publish","type":"post","link":"https:\/\/dr-rad.at\/tirol\/brenner-rad-bahn-brb\/","title":{"rendered":"Brenner-Rad-Bahn-BRB"},"content":{"rendered":"<h1><img decoding=\"async\" class=\"alignnone wp-image-2905\" src=\"https:\/\/dr-rad.at\/tirol\/wp-content\/uploads\/2022\/05\/Brenner-Radbahn-166x300.jpg\" alt=\"\" width=\"217\" height=\"392\" \/><\/h1>\n<h1 class=\"article-title\">Die Brennerradbahn, eine Vision vom Radfahr-Paradies<\/h1>\n<p class=\"article-subtitle\">\u00dcber oder unter dem Brennerpass wurden schon oft vision\u00e4re Verkehrsprojekte realisiert. Die Autobahn A13 mit der Europabr\u00fccke und der Brenner-Basistunnel (BBT), sind zwei internationale, eine andere Art der lokalen Mobilit\u00e4tsvision w\u00e4re die sogenannte Brennerradbahn (BRB).<\/p>\n<p class=\"article-subtitle\">Transitverkehrsknotenpunkt Brennerpass: T\u00e4glich rollen hier mehr Lkws entlang, als \u00fcber alle anderen Alpen\u00fcberg\u00e4nge zusammen, mit steigender Tendenz &#8211; sollte der Bahntunnel nicht Erl\u00f6sung bringen. Das Wipptal, das von Innsbruck aus auf den Brennerpass f\u00fchrt w\u00e4re f\u00fcr Oliver Walde eine &#8222;Gedankenautobahn&#8220;.<br \/>\nDer passionierten Rennrad- und Gravelbike-Fahrer aus Innsbruck (&#8222;hallo Olli!&#8220; \ud83d\ude09 hat eine Vision:<br \/>\nDiese Inspiration hei\u00dft BRB, vulgo Brennerradbahn. Analog zur Brennerautobahn hat Oliver ein umfassendes Konzept gesponnen, welches man \u00fcbrigens auch als Podcast auch h\u00f6ren kann.<\/p>\n<p>Drei Radstrecken sollen von Innsbruck ausgehend auf den Brenner f\u00fchren:<\/p>\n<p class=\"article-subtitle\">Die direkte Schnellverbindung und Hauptroute entlang der Sill durch die Sillschlucht<br \/>\nDie Snake Line in Pfahlbauweise bis Igls<br \/>\nDie klassische Radroute &#8222;R\u00f6merstrasse&#8220; \u00fcber Patsch und Ellb\u00f6gen an der Ostseite des Wipptals<br \/>\nund im Westen via Natters und Mutters oder dem Stubaital.<\/p>\n<p>In Matrei am Brenner, das Oliver Cycling Cluster Matrei (CCM) nennt, kommen alle drei Routen zusammen.<br \/>\nStart-ups oder Firmenableger aus der Fahrradindustrie sind hier ebenso angesiedelt wie eben ein Hub f\u00fcr die Radfahrer:innen. Eine mehr als nur Wiederbelebung alter Wipptaler Wirtsh\u00e4user die als Radelpensionen ihre G\u00e4ste empfangen bringt neuen Schwung in das Gebiet der alten R\u00f6merstrasse.<\/p>\n<p>A13, BBT und nun auch BRB<\/p>\n<p>&nbsp;<\/p>\n<p>&nbsp;<\/p>\n<p>Siehe im Standard:<br \/>\nhttps:\/\/www.derstandard.at\/story\/2000135858939\/brennerradbahn-vision-von-der-transithoelle-als-radelparadies<\/p>\n<p>Daraus stammt auch das &#8222;verkehrte&#8220; Bild\/ Foto: DER STANDARD \/ Oliver Walde \/ Fatih Aydogdu<\/p>\n<p>Interessant dazu die \u00f6ffiziellen Fahrradwege auf stillgelegten Bahntrassen:<\/p>\n<p>https:\/\/de.wikipedia.org\/wiki\/Liste_von_Fahrradwegen_auf_stillgelegten_Bahntrassen<\/p>\n","protected":false},"excerpt":{"rendered":"<p>Die Brennerradbahn, eine Vision vom Radfahr-Paradies \u00dcber oder unter dem Brennerpass wurden schon oft vision\u00e4re Verkehrsprojekte realisiert. Die Autobahn A13 mit der Europabr\u00fccke und der Brenner-Basistunnel (BBT), sind zwei internationale, eine andere Art der lokalen Mobilit\u00e4tsvision w\u00e4re die sogenannte Brennerradbahn (BRB). Transitverkehrsknotenpunkt Brennerpass: T\u00e4glich rollen hier mehr Lkws entlang, als \u00fcber alle anderen Alpen\u00fcberg\u00e4nge zusammen, [&hellip;]<\/p>\n","protected":false},"author":2,"featured_media":0,"comment_status":"closed","ping_status":"closed","sticky":false,"template":"","format":"standard","meta":{"_et_pb_use_builder":"","_et_pb_old_content":"","_et_gb_content_width":"","footnotes":""},"categories":[71,152,193],"tags":[],"class_list":["post-2904","post","type-post","status-publish","format-standard","hentry","category-bike-city","category-bikeverleih","category-radland-tirol"],"_links":{"self":[{"href":"https:\/\/dr-rad.at\/tirol\/wp-json\/wp\/v2\/posts\/2904","targetHints":{"allow":["GET"]}}],"collection":[{"href":"https:\/\/dr-rad.at\/tirol\/wp-json\/wp\/v2\/posts"}],"about":[{"href":"https:\/\/dr-rad.at\/tirol\/wp-json\/wp\/v2\/types\/post"}],"author":[{"embeddable":true,"href":"https:\/\/dr-rad.at\/tirol\/wp-json\/wp\/v2\/users\/2"}],"replies":[{"embeddable":true,"href":"https:\/\/dr-rad.at\/tirol\/wp-json\/wp\/v2\/comments?post=2904"}],"version-history":[{"count":0,"href":"https:\/\/dr-rad.at\/tirol\/wp-json\/wp\/v2\/posts\/2904\/revisions"}],"wp:attachment":[{"href":"https:\/\/dr-rad.at\/tirol\/wp-json\/wp\/v2\/media?parent=2904"}],"wp:term":[{"taxonomy":"category","embeddable":true,"href":"https:\/\/dr-rad.at\/tirol\/wp-json\/wp\/v2\/categories?post=2904"},{"taxonomy":"post_tag","embeddable":true,"href":"https:\/\/dr-rad.at\/tirol\/wp-json\/wp\/v2\/tags?post=2904"}],"curies":[{"name":"wp","href":"https:\/\/api.w.org\/{rel}","templated":true}]}}