{"id":2888,"date":"2022-05-13T14:21:20","date_gmt":"2022-05-13T14:21:20","guid":{"rendered":"https:\/\/dr-rad.at\/tirol\/?p=2888"},"modified":"2022-05-13T14:21:20","modified_gmt":"2022-05-13T14:21:20","slug":"weiss-unten-schwarz-in-der-mitte-bunt-oben","status":"publish","type":"post","link":"https:\/\/dr-rad.at\/tirol\/weiss-unten-schwarz-in-der-mitte-bunt-oben\/","title":{"rendered":"Wei\u00df unten, schwarz in der Mitte, bunt oben"},"content":{"rendered":"<p>Ein Blick ins Profipeleton auf dem Rennrad zeigt eine auffallende \u00dcbereinstimmung bestimmter Dinge.<\/p>\n<p>Unten<\/p>\n<p>Es dominiert bei den Radschuhen ganz klar die Farbe wei\u00df. Eleganz und Souplesse wird in wei\u00dfen Radschuhen pr\u00e4sentiert.<\/p>\n<p>Mitte<\/p>\n<p>Beim Lenkerband wird vermehrt die Farbe schwarz gewickelt. Ein dunkler \u00dcbergang zum meist Carbonlenker sorgt f\u00fcr farbliche Schlichtheit am Cockpit<\/p>\n<p>Oben<\/p>\n<p>Helme sind meist in den Farben des Hauptsponsors gehalten, damit diese und der Fahrer:in von den Autofahrern besser erkannt wird. Knallig, poppige Farben dominieren am Kopf<\/p>\n","protected":false},"excerpt":{"rendered":"<p>Ein Blick ins Profipeleton auf dem Rennrad zeigt eine auffallende \u00dcbereinstimmung bestimmter Dinge. Unten Es dominiert bei den Radschuhen ganz klar die Farbe wei\u00df. Eleganz und Souplesse wird in wei\u00dfen Radschuhen pr\u00e4sentiert. Mitte Beim Lenkerband wird vermehrt die Farbe schwarz gewickelt. Ein dunkler \u00dcbergang zum meist Carbonlenker sorgt f\u00fcr farbliche Schlichtheit am Cockpit Oben Helme [&hellip;]<\/p>\n","protected":false},"author":2,"featured_media":0,"comment_status":"closed","ping_status":"closed","sticky":false,"template":"","format":"standard","meta":{"_et_pb_use_builder":"","_et_pb_old_content":"","_et_gb_content_width":"","footnotes":""},"categories":[281,251,119,274,280],"tags":[],"class_list":["post-2888","post","type-post","status-publish","format-standard","hentry","category-helm","category-lenkerband","category-profisport","category-radbekleidung","category-radschuhe"],"_links":{"self":[{"href":"https:\/\/dr-rad.at\/tirol\/wp-json\/wp\/v2\/posts\/2888","targetHints":{"allow":["GET"]}}],"collection":[{"href":"https:\/\/dr-rad.at\/tirol\/wp-json\/wp\/v2\/posts"}],"about":[{"href":"https:\/\/dr-rad.at\/tirol\/wp-json\/wp\/v2\/types\/post"}],"author":[{"embeddable":true,"href":"https:\/\/dr-rad.at\/tirol\/wp-json\/wp\/v2\/users\/2"}],"replies":[{"embeddable":true,"href":"https:\/\/dr-rad.at\/tirol\/wp-json\/wp\/v2\/comments?post=2888"}],"version-history":[{"count":0,"href":"https:\/\/dr-rad.at\/tirol\/wp-json\/wp\/v2\/posts\/2888\/revisions"}],"wp:attachment":[{"href":"https:\/\/dr-rad.at\/tirol\/wp-json\/wp\/v2\/media?parent=2888"}],"wp:term":[{"taxonomy":"category","embeddable":true,"href":"https:\/\/dr-rad.at\/tirol\/wp-json\/wp\/v2\/categories?post=2888"},{"taxonomy":"post_tag","embeddable":true,"href":"https:\/\/dr-rad.at\/tirol\/wp-json\/wp\/v2\/tags?post=2888"}],"curies":[{"name":"wp","href":"https:\/\/api.w.org\/{rel}","templated":true}]}}