{"id":2857,"date":"2022-01-04T14:07:43","date_gmt":"2022-01-04T14:07:43","guid":{"rendered":"https:\/\/dr-rad.at\/tirol\/?p=2857"},"modified":"2022-01-10T14:24:59","modified_gmt":"2022-01-10T14:24:59","slug":"ride-with-passion","status":"publish","type":"post","link":"https:\/\/dr-rad.at\/tirol\/ride-with-passion\/","title":{"rendered":"Ride with passion"},"content":{"rendered":"<div class=\"podcast-info-text ce-container RTE\">\n<h1>RWP \u2013 Der Podcast<\/h1>\n<p>LIVE. LOVE. RIDE. So steht es auf der original Homepage.<\/p>\n<p>Das Plattencover mit dem Laufrad als Schallplatte f\u00fchrt in die Welt und das Leben aus der Sicht des Rennradlenkers.<br \/>\nMenschen, Geschichten und Musik.<\/p>\n<p>&#8222;Ride with passion&#8220; ist das Missionstatement vom Tirol KTM Cycling Team.<\/p>\n<\/div>\n<p>Nicht weniger illuster geht es auf nunmehr \u00fcber 20 Folgen her: von der Verdichtung der Liebe zum Rennrad, der K\u00f6nigsklasse der Fortbewegung auf zwei R\u00e4dern und dem facettenreichen Men\u00fc vieler K\u00f6stlichkeiten. Ein Einblick in den velocipeden Kosmos via Pod-Talk.<\/p>\n<p>Die Nummer 22 geht dabei ganz frech an das Rad-Thema ran:<br \/>\nDie Brenner Rad Bahn ist ja \u00e4hnlich fern der Realit\u00e4t, wie der Cyclocross Weltcup am innsbrucker Tivoli Schwimmbad-Areal&#8230;<br \/>\noder ist beides doch nicht so unm\u00f6glich !? \ud83d\ude42<\/p>\n<p>Hub oder hip, Radfahren nagt jedenfalls erfolgreich am Zahn der Zeit, auch im Schi-Tourismusland Tirol!<\/p>\n<p>&nbsp;<\/p>\n<p>&nbsp;<\/p>\n<h3><a class=\"link-fade\" href=\"https:\/\/ridewithpassion.tirol\/podcast\/ein-ganzheitlicher-radkosmos-die-brennerradbahn\/\">Die No. 22 \u2013 Ein ganzheitlicher Radkosmos: Die BrennerRadBahn <\/a><\/h3>\n","protected":false},"excerpt":{"rendered":"<p>RWP \u2013 Der Podcast LIVE. LOVE. RIDE. So steht es auf der original Homepage. Das Plattencover mit dem Laufrad als Schallplatte f\u00fchrt in die Welt und das Leben aus der Sicht des Rennradlenkers. Menschen, Geschichten und Musik. &#8222;Ride with passion&#8220; ist das Missionstatement vom Tirol KTM Cycling Team. Nicht weniger illuster geht es auf nunmehr [&hellip;]<\/p>\n","protected":false},"author":2,"featured_media":2860,"comment_status":"closed","ping_status":"closed","sticky":false,"template":"","format":"standard","meta":{"_et_pb_use_builder":"","_et_pb_old_content":"","_et_gb_content_width":"","footnotes":""},"categories":[279],"tags":[],"class_list":["post-2857","post","type-post","status-publish","format-standard","has-post-thumbnail","hentry","category-podcast"],"_links":{"self":[{"href":"https:\/\/dr-rad.at\/tirol\/wp-json\/wp\/v2\/posts\/2857","targetHints":{"allow":["GET"]}}],"collection":[{"href":"https:\/\/dr-rad.at\/tirol\/wp-json\/wp\/v2\/posts"}],"about":[{"href":"https:\/\/dr-rad.at\/tirol\/wp-json\/wp\/v2\/types\/post"}],"author":[{"embeddable":true,"href":"https:\/\/dr-rad.at\/tirol\/wp-json\/wp\/v2\/users\/2"}],"replies":[{"embeddable":true,"href":"https:\/\/dr-rad.at\/tirol\/wp-json\/wp\/v2\/comments?post=2857"}],"version-history":[{"count":0,"href":"https:\/\/dr-rad.at\/tirol\/wp-json\/wp\/v2\/posts\/2857\/revisions"}],"wp:featuredmedia":[{"embeddable":true,"href":"https:\/\/dr-rad.at\/tirol\/wp-json\/wp\/v2\/media\/2860"}],"wp:attachment":[{"href":"https:\/\/dr-rad.at\/tirol\/wp-json\/wp\/v2\/media?parent=2857"}],"wp:term":[{"taxonomy":"category","embeddable":true,"href":"https:\/\/dr-rad.at\/tirol\/wp-json\/wp\/v2\/categories?post=2857"},{"taxonomy":"post_tag","embeddable":true,"href":"https:\/\/dr-rad.at\/tirol\/wp-json\/wp\/v2\/tags?post=2857"}],"curies":[{"name":"wp","href":"https:\/\/api.w.org\/{rel}","templated":true}]}}