{"id":2833,"date":"2021-08-23T18:04:18","date_gmt":"2021-08-23T18:04:18","guid":{"rendered":"https:\/\/dr-rad.at\/tirol\/?p=2833"},"modified":"2021-08-23T18:04:18","modified_gmt":"2021-08-23T18:04:18","slug":"oetztaler-radmarathon-erstmals-nicht-wie-gewohnt-uebers-kuehtai","status":"publish","type":"post","link":"https:\/\/dr-rad.at\/tirol\/oetztaler-radmarathon-erstmals-nicht-wie-gewohnt-uebers-kuehtai\/","title":{"rendered":"\u00d6tztaler Radmarathon erstmals nicht wie gewohnt \u00fcbers K\u00fchtai"},"content":{"rendered":"<p>Ein Lokalaugenschein am 23.08.21 zeigt viel Fels auf der Stra\u00dfe.<\/p>\n<p>Weiteres Sturzmaterial mit zahlreichen Gro\u00dfbl\u00f6cken im Hang wartet darauf gesichert zu werden.<\/p>\n<p>Die Ausbruchstelle befindet sich nach heftigen Regenf\u00e4llen circa 300 Meter oberhalb der Stra\u00dfe in richtung K\u00fchtai.\u00a0Alles was sich entlang der Sturzbahn befindet, muss angesichert werden, was ca 14 Tage dauern wird.<\/p>\n<p>Die K\u00fchtaistra\u00dfe ist somit f\u00fcr den am Sonntag geplanten Radmarathon leider gesperrt.<\/p>\n","protected":false},"excerpt":{"rendered":"<p>Ein Lokalaugenschein am 23.08.21 zeigt viel Fels auf der Stra\u00dfe. Weiteres Sturzmaterial mit zahlreichen Gro\u00dfbl\u00f6cken im Hang wartet darauf gesichert zu werden. Die Ausbruchstelle befindet sich nach heftigen Regenf\u00e4llen circa 300 Meter oberhalb der Stra\u00dfe in richtung K\u00fchtai.\u00a0Alles was sich entlang der Sturzbahn befindet, muss angesichert werden, was ca 14 Tage dauern wird. Die K\u00fchtaistra\u00dfe [&hellip;]<\/p>\n","protected":false},"author":2,"featured_media":0,"comment_status":"closed","ping_status":"closed","sticky":false,"template":"","format":"standard","meta":{"_et_pb_use_builder":"","_et_pb_old_content":"","_et_gb_content_width":"","footnotes":""},"categories":[86],"tags":[],"class_list":["post-2833","post","type-post","status-publish","format-standard","hentry","category-blog"],"_links":{"self":[{"href":"https:\/\/dr-rad.at\/tirol\/wp-json\/wp\/v2\/posts\/2833","targetHints":{"allow":["GET"]}}],"collection":[{"href":"https:\/\/dr-rad.at\/tirol\/wp-json\/wp\/v2\/posts"}],"about":[{"href":"https:\/\/dr-rad.at\/tirol\/wp-json\/wp\/v2\/types\/post"}],"author":[{"embeddable":true,"href":"https:\/\/dr-rad.at\/tirol\/wp-json\/wp\/v2\/users\/2"}],"replies":[{"embeddable":true,"href":"https:\/\/dr-rad.at\/tirol\/wp-json\/wp\/v2\/comments?post=2833"}],"version-history":[{"count":0,"href":"https:\/\/dr-rad.at\/tirol\/wp-json\/wp\/v2\/posts\/2833\/revisions"}],"wp:attachment":[{"href":"https:\/\/dr-rad.at\/tirol\/wp-json\/wp\/v2\/media?parent=2833"}],"wp:term":[{"taxonomy":"category","embeddable":true,"href":"https:\/\/dr-rad.at\/tirol\/wp-json\/wp\/v2\/categories?post=2833"},{"taxonomy":"post_tag","embeddable":true,"href":"https:\/\/dr-rad.at\/tirol\/wp-json\/wp\/v2\/tags?post=2833"}],"curies":[{"name":"wp","href":"https:\/\/api.w.org\/{rel}","templated":true}]}}