{"id":2827,"date":"2021-07-30T13:09:09","date_gmt":"2021-07-30T13:09:09","guid":{"rendered":"https:\/\/dr-rad.at\/tirol\/?p=2827"},"modified":"2021-07-30T13:13:05","modified_gmt":"2021-07-30T13:13:05","slug":"kiesenhofers-gold-im-olympischen-strassenrennen","status":"publish","type":"post","link":"https:\/\/dr-rad.at\/tirol\/kiesenhofers-gold-im-olympischen-strassenrennen\/","title":{"rendered":"Kiesenhofers Gold"},"content":{"rendered":"<p class=\"p1\"><span class=\"s1\">Kiesenhofer rechnete mit einer Medaille und z\u00e4hlte w\u00e4hrend des Goldsch\u00fcrfen im Stra\u00dfenradrennen.\u00a0<\/span><span class=\"s2\">Als hauptberufliche Mathematikerin und Radfahrerin aus Freude\u00a0<\/span><span class=\"s2\">landet die ganz und gar nicht Rad-Amateurin die gro\u00dfe \u00dcberraschung bei den Olympischen Spielen in Tokio.\u00a0<\/span><span class=\"s3\">Der <\/span><span class=\"s4\">Nieder\u00f6sterreicherin, genauer aus Niederkreuzstetten bei Mistelbach gelingt ihr die\u00a0<\/span><span class=\"s2\">erste Radsportolympiamedaille seit 125 Jahren.<\/span><\/p>\n<p class=\"p1\"><span class=\"s4\">Nicht als Radprofi wo\u00a0<\/span><span class=\"s2\">k\u00f6rperlicher und psychischer Stress an der Tagesordnung stehen, sondern als nebenberufliche Hobbysportlerin.\u00a0<\/span><span class=\"s2\">Die 30-J\u00e4hrige Kiesenhofer geht ihren Sport demnach eher wissenschaftlich an. Als Expertin f\u00fcr partielle Differentialgleichungen an der \u00c9cole Polytechnique F\u00e9d\u00e9rale de Lausanne, Schweiz (EPFL), besch\u00e4ftigt sie sich intensiv mit Aerodynamik und Kr\u00e4ften. Bei mathematischen Modellen physikalischen Vorg\u00e4ngen, schwingenden Saiten, der W\u00e4rmeleitung und bei elektromagnetische Wellen, spielt sie die Quantenphysik und Allgemeine Relativit\u00e4tstheorie in einer anderen olympischen Liga.<\/span><\/p>\n<p class=\"p3\"><span class=\"s4\">Gratulation Anna, das gibt dem Sommersport nach Athen 2004 neuen Auftrieb.<\/span><\/p>\n","protected":false},"excerpt":{"rendered":"<p>Kiesenhofer rechnete mit einer Medaille und z\u00e4hlte w\u00e4hrend des Goldsch\u00fcrfen im Stra\u00dfenradrennen.\u00a0Als hauptberufliche Mathematikerin und Radfahrerin aus Freude\u00a0landet die ganz und gar nicht Rad-Amateurin die gro\u00dfe \u00dcberraschung bei den Olympischen Spielen in Tokio.\u00a0Der Nieder\u00f6sterreicherin, genauer aus Niederkreuzstetten bei Mistelbach gelingt ihr die\u00a0erste Radsportolympiamedaille seit 125 Jahren. Nicht als Radprofi wo\u00a0k\u00f6rperlicher und psychischer Stress an der [&hellip;]<\/p>\n","protected":false},"author":2,"featured_media":0,"comment_status":"closed","ping_status":"closed","sticky":false,"template":"","format":"standard","meta":{"_et_pb_use_builder":"","_et_pb_old_content":"","_et_gb_content_width":"","footnotes":""},"categories":[120],"tags":[],"class_list":["post-2827","post","type-post","status-publish","format-standard","hentry","category-profisport-2"],"_links":{"self":[{"href":"https:\/\/dr-rad.at\/tirol\/wp-json\/wp\/v2\/posts\/2827","targetHints":{"allow":["GET"]}}],"collection":[{"href":"https:\/\/dr-rad.at\/tirol\/wp-json\/wp\/v2\/posts"}],"about":[{"href":"https:\/\/dr-rad.at\/tirol\/wp-json\/wp\/v2\/types\/post"}],"author":[{"embeddable":true,"href":"https:\/\/dr-rad.at\/tirol\/wp-json\/wp\/v2\/users\/2"}],"replies":[{"embeddable":true,"href":"https:\/\/dr-rad.at\/tirol\/wp-json\/wp\/v2\/comments?post=2827"}],"version-history":[{"count":0,"href":"https:\/\/dr-rad.at\/tirol\/wp-json\/wp\/v2\/posts\/2827\/revisions"}],"wp:attachment":[{"href":"https:\/\/dr-rad.at\/tirol\/wp-json\/wp\/v2\/media?parent=2827"}],"wp:term":[{"taxonomy":"category","embeddable":true,"href":"https:\/\/dr-rad.at\/tirol\/wp-json\/wp\/v2\/categories?post=2827"},{"taxonomy":"post_tag","embeddable":true,"href":"https:\/\/dr-rad.at\/tirol\/wp-json\/wp\/v2\/tags?post=2827"}],"curies":[{"name":"wp","href":"https:\/\/api.w.org\/{rel}","templated":true}]}}