{"id":2811,"date":"2022-01-01T13:40:58","date_gmt":"2022-01-01T13:40:58","guid":{"rendered":"https:\/\/dr-rad.at\/tirol\/?p=2811"},"modified":"2022-01-10T13:53:12","modified_gmt":"2022-01-10T13:53:12","slug":"sattel","status":"publish","type":"post","link":"https:\/\/dr-rad.at\/tirol\/sattel\/","title":{"rendered":"Sattel"},"content":{"rendered":"<p>Sich der verspannten Muskulatur beugen&#8230;.<\/p>\n<p>H\u00e4lt ein verspannter R\u00fccken oder eine verk\u00fcrzte ischiocrurale Muskulatur die Beckenneigung nach vorne auf, schaut dieser K\u00f6rperabschnitt ebenso gezeichnet aus der W\u00e4sche wie der Fahrer selbst. Zus\u00e4tzlich sorgt der Ausdruck des eigenen K\u00f6rpergewichts erwartungsgem\u00e4\u00df f\u00fcr Eindruck am Sattel.<\/p>\n<p>Unter Belastung wird es noch gr\u00f6ber&#8230;<\/p>\n<p>K\u00f6rperliche Voraussetzungen d\u00fcrfen eben bei all den sattelbezogenen Ursachen nicht vergessen werden!<br \/>\nDas K\u00f6rpergewicht des Fahrers entscheidet, wie tief und wie breit sich die Sattelform unter dem Hintern ausbreitet.<br \/>\nAus gutem Grund wird an der Stellschraube Material gedreht, insbesondere am Kontaktpunkt Sattel.<br \/>\nAussparungen und Kan\u00e4le k\u00f6nnen den Druck auf den Damm verhindern, denn da wo nichts ist, kann nichts dr\u00fccken. So reduziert ein Loch in der Mitte eventuell erfolgreich den Dammbereich. Daf\u00fcr gleicht stellvertretend der Lochrand mit unangenehmen und wilden Protesten aus:<br \/>\nSpezielle Entlastungszonen sollen die Sitzfl\u00e4che ebnen und durch Mitschwingen oder punktuelles Nachgeben unauff\u00e4llig dienen. Solche Features ergeben sich mehr oder weniger stark auch indirekt: Durch das wirkende K\u00f6rpergewicht und aufgrund etwaiger Atersspuren des Sattels. Diese Auswirkungen sind aber nicht unbedingt erw\u00fcnscht.<br \/>\nDie passende Breite des Sattels h\u00e4ngt nicht nur vom Abstand der Sitzbeinh\u00f6cker, sondern von der bevorzugten Position des Oberk\u00f6rpers ab. Vorn\u00fcbergebeugt, fast liegend, verlangt es einen schmalen Sattel, gem\u00fctlich aufrecht st\u00fctzt ein breiter besser.<\/p>\n","protected":false},"excerpt":{"rendered":"<p>Sich der verspannten Muskulatur beugen&#8230;. H\u00e4lt ein verspannter R\u00fccken oder eine verk\u00fcrzte ischiocrurale Muskulatur die Beckenneigung nach vorne auf, schaut dieser K\u00f6rperabschnitt ebenso gezeichnet aus der W\u00e4sche wie der Fahrer selbst. Zus\u00e4tzlich sorgt der Ausdruck des eigenen K\u00f6rpergewichts erwartungsgem\u00e4\u00df f\u00fcr Eindruck am Sattel. Unter Belastung wird es noch gr\u00f6ber&#8230; K\u00f6rperliche Voraussetzungen d\u00fcrfen eben bei all [&hellip;]<\/p>\n","protected":false},"author":2,"featured_media":2852,"comment_status":"closed","ping_status":"closed","sticky":false,"template":"","format":"standard","meta":{"_et_pb_use_builder":"","_et_pb_old_content":"","_et_gb_content_width":"","footnotes":""},"categories":[278],"tags":[],"class_list":["post-2811","post","type-post","status-publish","format-standard","has-post-thumbnail","hentry","category-sattel"],"_links":{"self":[{"href":"https:\/\/dr-rad.at\/tirol\/wp-json\/wp\/v2\/posts\/2811","targetHints":{"allow":["GET"]}}],"collection":[{"href":"https:\/\/dr-rad.at\/tirol\/wp-json\/wp\/v2\/posts"}],"about":[{"href":"https:\/\/dr-rad.at\/tirol\/wp-json\/wp\/v2\/types\/post"}],"author":[{"embeddable":true,"href":"https:\/\/dr-rad.at\/tirol\/wp-json\/wp\/v2\/users\/2"}],"replies":[{"embeddable":true,"href":"https:\/\/dr-rad.at\/tirol\/wp-json\/wp\/v2\/comments?post=2811"}],"version-history":[{"count":0,"href":"https:\/\/dr-rad.at\/tirol\/wp-json\/wp\/v2\/posts\/2811\/revisions"}],"wp:featuredmedia":[{"embeddable":true,"href":"https:\/\/dr-rad.at\/tirol\/wp-json\/wp\/v2\/media\/2852"}],"wp:attachment":[{"href":"https:\/\/dr-rad.at\/tirol\/wp-json\/wp\/v2\/media?parent=2811"}],"wp:term":[{"taxonomy":"category","embeddable":true,"href":"https:\/\/dr-rad.at\/tirol\/wp-json\/wp\/v2\/categories?post=2811"},{"taxonomy":"post_tag","embeddable":true,"href":"https:\/\/dr-rad.at\/tirol\/wp-json\/wp\/v2\/tags?post=2811"}],"curies":[{"name":"wp","href":"https:\/\/api.w.org\/{rel}","templated":true}]}}