{"id":2735,"date":"2021-02-23T07:58:52","date_gmt":"2021-02-23T07:58:52","guid":{"rendered":"https:\/\/dr-rad.at\/tirol\/?p=2735"},"modified":"2021-02-23T10:04:36","modified_gmt":"2021-02-23T10:04:36","slug":"time-sram","status":"publish","type":"post","link":"https:\/\/dr-rad.at\/tirol\/time-sram\/","title":{"rendered":"Time Pedale zu SRAM"},"content":{"rendered":"<p class=\"p1\"><span class=\"s1\">Time geht an SRAM. Und das ist vielleicht gut so. Der\u00a0<\/span><span class=\"s1\">US-Radkomponenentenhersteller SRAM kauft weiter flei\u00dfig ein. Diesmal ist es die Pedalsparte von Time Sport.<\/span><\/p>\n<p class=\"p2\"><span class=\"s2\">Das Sortiment an Rennrad- und Mountainbike-Pedalen, mit den zugeh\u00f6rigen Patenten geht von Frankreich in die USA.<\/span><\/p>\n<p class=\"p1\"><span class=\"s2\">Time aus Nevers, Frankreich, brachte 1987 das erste eigene Klickpedalsystem &#8222;bioposition&#8220; f\u00fcr Rennr\u00e4der auf den Markt. Es definierte ein neue Pedalergonomie, indem es die Bewegungsfreiheit und den Abstand zwischen Fu\u00df und Pedal verbesserte. 1993 folgten Mountainbike-Pedale.\u00a0<\/span><span class=\"s2\">Time ist eine legend\u00e4re Marke, le Defi kann also weitergehen&#8230;.<\/span><span class=\"s2\">Die Ergonomie beim Tretzyklus stand immer hoch im Kurs.\u00a0<\/span>Bleiben wir gespannt..<\/p>\n","protected":false},"excerpt":{"rendered":"<p>Time geht an SRAM. Und das ist vielleicht gut so. Der\u00a0US-Radkomponenentenhersteller SRAM kauft weiter flei\u00dfig ein. Diesmal ist es die Pedalsparte von Time Sport. Das Sortiment an Rennrad- und Mountainbike-Pedalen, mit den zugeh\u00f6rigen Patenten geht von Frankreich in die USA. Time aus Nevers, Frankreich, brachte 1987 das erste eigene Klickpedalsystem &#8222;bioposition&#8220; f\u00fcr Rennr\u00e4der auf den [&hellip;]<\/p>\n","protected":false},"author":2,"featured_media":0,"comment_status":"closed","ping_status":"closed","sticky":false,"template":"","format":"standard","meta":{"_et_pb_use_builder":"","_et_pb_old_content":"","_et_gb_content_width":"","footnotes":""},"categories":[86],"tags":[],"class_list":["post-2735","post","type-post","status-publish","format-standard","hentry","category-blog"],"_links":{"self":[{"href":"https:\/\/dr-rad.at\/tirol\/wp-json\/wp\/v2\/posts\/2735","targetHints":{"allow":["GET"]}}],"collection":[{"href":"https:\/\/dr-rad.at\/tirol\/wp-json\/wp\/v2\/posts"}],"about":[{"href":"https:\/\/dr-rad.at\/tirol\/wp-json\/wp\/v2\/types\/post"}],"author":[{"embeddable":true,"href":"https:\/\/dr-rad.at\/tirol\/wp-json\/wp\/v2\/users\/2"}],"replies":[{"embeddable":true,"href":"https:\/\/dr-rad.at\/tirol\/wp-json\/wp\/v2\/comments?post=2735"}],"version-history":[{"count":0,"href":"https:\/\/dr-rad.at\/tirol\/wp-json\/wp\/v2\/posts\/2735\/revisions"}],"wp:attachment":[{"href":"https:\/\/dr-rad.at\/tirol\/wp-json\/wp\/v2\/media?parent=2735"}],"wp:term":[{"taxonomy":"category","embeddable":true,"href":"https:\/\/dr-rad.at\/tirol\/wp-json\/wp\/v2\/categories?post=2735"},{"taxonomy":"post_tag","embeddable":true,"href":"https:\/\/dr-rad.at\/tirol\/wp-json\/wp\/v2\/tags?post=2735"}],"curies":[{"name":"wp","href":"https:\/\/api.w.org\/{rel}","templated":true}]}}