{"id":2698,"date":"2020-09-28T12:34:27","date_gmt":"2020-09-28T12:34:27","guid":{"rendered":"https:\/\/dr-rad.at\/tirol\/?p=2698"},"modified":"2020-09-28T12:34:27","modified_gmt":"2020-09-28T12:34:27","slug":"schispass-am-glungezer","status":"publish","type":"post","link":"https:\/\/dr-rad.at\/tirol\/schispass-am-glungezer\/","title":{"rendered":"Schispass am Glungezer"},"content":{"rendered":"<p>\u00dcber Jahre hinweg ein Geheimtip f\u00fcr SchifahrerInnen und dasselbe auf Tourenschiern. Die Ostseitigkeit mit Naturschnee gef\u00e4llt.<\/p>\n<p>Das nun auch f\u00fcr Biker Trails geplant werden ist cool und bringt einen Mehrwert auch im Sommer.<\/p>\n<p>Dazu ist es n\u00f6tig geworden eine entsprechende Bahn zu adaptieren, die auch Fahrr\u00e4der transportieren kann. Dies geschieht nun vorrangig f\u00fcr das winterliche Schigebiet. Ein Lokalaugenschein zeigt die traurige, weil sentimentale Enthauptung der r\u00fchrigen und entschleunigenden alten Lifttrasse.<\/p>\n<p>Nunmehr stehen Liftst\u00fctzen in rauhen Mengen inmitten der Abfahrtspiste. Mittendrin statt nur dabei.<\/p>\n","protected":false},"excerpt":{"rendered":"<p>\u00dcber Jahre hinweg ein Geheimtip f\u00fcr SchifahrerInnen und dasselbe auf Tourenschiern. Die Ostseitigkeit mit Naturschnee gef\u00e4llt. Das nun auch f\u00fcr Biker Trails geplant werden ist cool und bringt einen Mehrwert auch im Sommer. Dazu ist es n\u00f6tig geworden eine entsprechende Bahn zu adaptieren, die auch Fahrr\u00e4der transportieren kann. Dies geschieht nun vorrangig f\u00fcr das winterliche [&hellip;]<\/p>\n","protected":false},"author":2,"featured_media":0,"comment_status":"closed","ping_status":"closed","sticky":false,"template":"","format":"standard","meta":{"_et_pb_use_builder":"","_et_pb_old_content":"","_et_gb_content_width":"","footnotes":""},"categories":[94,83,165,91,133],"tags":[],"class_list":["post-2698","post","type-post","status-publish","format-standard","hentry","category-ausflugsziel","category-bike-park","category-innsbruck","category-saison","category-trail"],"_links":{"self":[{"href":"https:\/\/dr-rad.at\/tirol\/wp-json\/wp\/v2\/posts\/2698","targetHints":{"allow":["GET"]}}],"collection":[{"href":"https:\/\/dr-rad.at\/tirol\/wp-json\/wp\/v2\/posts"}],"about":[{"href":"https:\/\/dr-rad.at\/tirol\/wp-json\/wp\/v2\/types\/post"}],"author":[{"embeddable":true,"href":"https:\/\/dr-rad.at\/tirol\/wp-json\/wp\/v2\/users\/2"}],"replies":[{"embeddable":true,"href":"https:\/\/dr-rad.at\/tirol\/wp-json\/wp\/v2\/comments?post=2698"}],"version-history":[{"count":0,"href":"https:\/\/dr-rad.at\/tirol\/wp-json\/wp\/v2\/posts\/2698\/revisions"}],"wp:attachment":[{"href":"https:\/\/dr-rad.at\/tirol\/wp-json\/wp\/v2\/media?parent=2698"}],"wp:term":[{"taxonomy":"category","embeddable":true,"href":"https:\/\/dr-rad.at\/tirol\/wp-json\/wp\/v2\/categories?post=2698"},{"taxonomy":"post_tag","embeddable":true,"href":"https:\/\/dr-rad.at\/tirol\/wp-json\/wp\/v2\/tags?post=2698"}],"curies":[{"name":"wp","href":"https:\/\/api.w.org\/{rel}","templated":true}]}}