{"id":2689,"date":"2020-09-06T18:30:38","date_gmt":"2020-09-06T18:30:38","guid":{"rendered":"https:\/\/dr-rad.at\/tirol\/?p=2689"},"modified":"2020-09-06T18:32:12","modified_gmt":"2020-09-06T18:32:12","slug":"corona-interview-mit-dr-dr-martin-haditsch","status":"publish","type":"post","link":"https:\/\/dr-rad.at\/tirol\/corona-interview-mit-dr-dr-martin-haditsch\/","title":{"rendered":"Corona &#8211; Interview mit Dr.Dr. Martin Haditsch"},"content":{"rendered":"<p>https:\/\/radiothek.orf.at\/oe1\/20200903\/611326\/1599159979780<\/p>\n<p>&nbsp;<\/p>\n<h3 class=\"title\" data-v-673a0f1c=\"\"><span data-v-673a0f1c=\"\" aria-live=\"polite\"> Martin Haditsch, Facharzt f\u00fcr Hygiene und Mikrobiologie, Infektiologie und Tropenmedizin <\/span><\/h3>\n<h4 class=\"program-title\" data-v-673a0f1c=\"\">Im Gespr\u00e4ch auf \u00d61<\/h4>\n<div class=\"subtitle\" data-v-673a0f1c=\"\">\n<p>Renata Schmidtkunz f\u00fchrt ein sehr interessantes Gespr\u00e4ch mit Martin Haditsch, Facharzt f\u00fcr Hygiene und Mikrobiologie, Infektiologie und Tropenmedizin.<br \/>\nDer \u00d6sterreicher mit klaren Werten und Worten bringt es auf den Punkt.<br \/>\nDies hat zwar nichts mit Radfahren zu tun, aber um Radfahren zu k\u00f6nnen muss man gesund sein. Im Sinne einer ser\u00f6sen und sachlichen Meinungsbildung ist diese Ansicht erfrischend. Pandemie und Ethik wie geht das zusammen?<\/p>\n<\/div>\n<p>&nbsp;<\/p>\n","protected":false},"excerpt":{"rendered":"<p>https:\/\/radiothek.orf.at\/oe1\/20200903\/611326\/1599159979780 &nbsp; Martin Haditsch, Facharzt f\u00fcr Hygiene und Mikrobiologie, Infektiologie und Tropenmedizin Im Gespr\u00e4ch auf \u00d61 Renata Schmidtkunz f\u00fchrt ein sehr interessantes Gespr\u00e4ch mit Martin Haditsch, Facharzt f\u00fcr Hygiene und Mikrobiologie, Infektiologie und Tropenmedizin. Der \u00d6sterreicher mit klaren Werten und Worten bringt es auf den Punkt. Dies hat zwar nichts mit Radfahren zu tun, aber [&hellip;]<\/p>\n","protected":false},"author":2,"featured_media":2692,"comment_status":"closed","ping_status":"closed","sticky":false,"template":"","format":"standard","meta":{"_et_pb_use_builder":"","_et_pb_old_content":"","_et_gb_content_width":"","footnotes":""},"categories":[264],"tags":[],"class_list":["post-2689","post","type-post","status-publish","format-standard","has-post-thumbnail","hentry","category-virus"],"_links":{"self":[{"href":"https:\/\/dr-rad.at\/tirol\/wp-json\/wp\/v2\/posts\/2689","targetHints":{"allow":["GET"]}}],"collection":[{"href":"https:\/\/dr-rad.at\/tirol\/wp-json\/wp\/v2\/posts"}],"about":[{"href":"https:\/\/dr-rad.at\/tirol\/wp-json\/wp\/v2\/types\/post"}],"author":[{"embeddable":true,"href":"https:\/\/dr-rad.at\/tirol\/wp-json\/wp\/v2\/users\/2"}],"replies":[{"embeddable":true,"href":"https:\/\/dr-rad.at\/tirol\/wp-json\/wp\/v2\/comments?post=2689"}],"version-history":[{"count":0,"href":"https:\/\/dr-rad.at\/tirol\/wp-json\/wp\/v2\/posts\/2689\/revisions"}],"wp:featuredmedia":[{"embeddable":true,"href":"https:\/\/dr-rad.at\/tirol\/wp-json\/wp\/v2\/media\/2692"}],"wp:attachment":[{"href":"https:\/\/dr-rad.at\/tirol\/wp-json\/wp\/v2\/media?parent=2689"}],"wp:term":[{"taxonomy":"category","embeddable":true,"href":"https:\/\/dr-rad.at\/tirol\/wp-json\/wp\/v2\/categories?post=2689"},{"taxonomy":"post_tag","embeddable":true,"href":"https:\/\/dr-rad.at\/tirol\/wp-json\/wp\/v2\/tags?post=2689"}],"curies":[{"name":"wp","href":"https:\/\/api.w.org\/{rel}","templated":true}]}}