{"id":2672,"date":"2020-08-09T21:19:43","date_gmt":"2020-08-09T21:19:43","guid":{"rendered":"https:\/\/dr-rad.at\/tirol\/?p=2672"},"modified":"2020-08-09T21:20:14","modified_gmt":"2020-08-09T21:20:14","slug":"woom-und-andere-kinderraeder-richtig-einstellen","status":"publish","type":"post","link":"https:\/\/dr-rad.at\/tirol\/woom-und-andere-kinderraeder-richtig-einstellen\/","title":{"rendered":"Woom und andere Kinderr\u00e4der richtig einstellen"},"content":{"rendered":"<p>Kinder wachsen progressiv. Deshalb ist eine permanente Justierung der Sitz-, Aufsitz-, Steh- und Fahrposition unumg\u00e4nglich. Soweit dies von Seiten des Fahrrades m\u00f6glich ist werden die Sitzl\u00e4nge und nat\u00fcrlich die Sitzh\u00f6he an die aktuelle Gr\u00f6\u00dfe angepasst. Wie das geht ist eigentlich ganz einfach und erfordert nur Augenma\u00df und ein handwerkliches H\u00e4ndchen im Umgang mit Inbusschl\u00fcsseln.<\/p>\n","protected":false},"excerpt":{"rendered":"<p>Kinder wachsen progressiv. Deshalb ist eine permanente Justierung der Sitz-, Aufsitz-, Steh- und Fahrposition unumg\u00e4nglich. Soweit dies von Seiten des Fahrrades m\u00f6glich ist werden die Sitzl\u00e4nge und nat\u00fcrlich die Sitzh\u00f6he an die aktuelle Gr\u00f6\u00dfe angepasst. Wie das geht ist eigentlich ganz einfach und erfordert nur Augenma\u00df und ein handwerkliches H\u00e4ndchen im Umgang mit Inbusschl\u00fcsseln.<\/p>\n","protected":false},"author":2,"featured_media":0,"comment_status":"closed","ping_status":"closed","sticky":false,"template":"","format":"standard","meta":{"_et_pb_use_builder":"","_et_pb_old_content":"","_et_gb_content_width":"","footnotes":""},"categories":[86,90],"tags":[],"class_list":["post-2672","post","type-post","status-publish","format-standard","hentry","category-blog","category-kinder"],"_links":{"self":[{"href":"https:\/\/dr-rad.at\/tirol\/wp-json\/wp\/v2\/posts\/2672","targetHints":{"allow":["GET"]}}],"collection":[{"href":"https:\/\/dr-rad.at\/tirol\/wp-json\/wp\/v2\/posts"}],"about":[{"href":"https:\/\/dr-rad.at\/tirol\/wp-json\/wp\/v2\/types\/post"}],"author":[{"embeddable":true,"href":"https:\/\/dr-rad.at\/tirol\/wp-json\/wp\/v2\/users\/2"}],"replies":[{"embeddable":true,"href":"https:\/\/dr-rad.at\/tirol\/wp-json\/wp\/v2\/comments?post=2672"}],"version-history":[{"count":0,"href":"https:\/\/dr-rad.at\/tirol\/wp-json\/wp\/v2\/posts\/2672\/revisions"}],"wp:attachment":[{"href":"https:\/\/dr-rad.at\/tirol\/wp-json\/wp\/v2\/media?parent=2672"}],"wp:term":[{"taxonomy":"category","embeddable":true,"href":"https:\/\/dr-rad.at\/tirol\/wp-json\/wp\/v2\/categories?post=2672"},{"taxonomy":"post_tag","embeddable":true,"href":"https:\/\/dr-rad.at\/tirol\/wp-json\/wp\/v2\/tags?post=2672"}],"curies":[{"name":"wp","href":"https:\/\/api.w.org\/{rel}","templated":true}]}}