{"id":2632,"date":"2020-06-25T08:12:33","date_gmt":"2020-06-25T08:12:33","guid":{"rendered":"https:\/\/dr-rad.at\/tirol\/?p=2632"},"modified":"2020-06-27T08:17:59","modified_gmt":"2020-06-27T08:17:59","slug":"bergsprint-auf-der-bobbahn","status":"publish","type":"post","link":"https:\/\/dr-rad.at\/tirol\/bergsprint-auf-der-bobbahn\/","title":{"rendered":"Bergsprint auf der Bobbahn"},"content":{"rendered":"<p>Der \u00d6RV startet seine Corona bedingte Zeitfahrserie.<\/p>\n<p>Ein Schauplatz bei dem das TT Rad ruhig im Keller stehen gelassen werden kann, ist die Bobbahn in Igls.<\/p>\n<p>Schnell durch die Kurven f\u00e4hrt sich auch ein leichtes Bergrad. Laktattoleranz und mentale St\u00e4rke \u00fcbertrumpfen Aerodynamik.<\/p>\n<p>Im September lebt die lokale Szene sp\u00e4testens wieder auf&#8230;<\/p>\n","protected":false},"excerpt":{"rendered":"<p>Der \u00d6RV startet seine Corona bedingte Zeitfahrserie. Ein Schauplatz bei dem das TT Rad ruhig im Keller stehen gelassen werden kann, ist die Bobbahn in Igls. Schnell durch die Kurven f\u00e4hrt sich auch ein leichtes Bergrad. Laktattoleranz und mentale St\u00e4rke \u00fcbertrumpfen Aerodynamik. Im September lebt die lokale Szene sp\u00e4testens wieder auf&#8230;<\/p>\n","protected":false},"author":2,"featured_media":0,"comment_status":"closed","ping_status":"closed","sticky":false,"template":"","format":"standard","meta":{"_et_pb_use_builder":"","_et_pb_old_content":"","_et_gb_content_width":"","footnotes":""},"categories":[71,165,98,122,257],"tags":[],"class_list":["post-2632","post","type-post","status-publish","format-standard","hentry","category-bike-city","category-innsbruck","category-radsport","category-veranstaltung","category-wettkampf"],"_links":{"self":[{"href":"https:\/\/dr-rad.at\/tirol\/wp-json\/wp\/v2\/posts\/2632","targetHints":{"allow":["GET"]}}],"collection":[{"href":"https:\/\/dr-rad.at\/tirol\/wp-json\/wp\/v2\/posts"}],"about":[{"href":"https:\/\/dr-rad.at\/tirol\/wp-json\/wp\/v2\/types\/post"}],"author":[{"embeddable":true,"href":"https:\/\/dr-rad.at\/tirol\/wp-json\/wp\/v2\/users\/2"}],"replies":[{"embeddable":true,"href":"https:\/\/dr-rad.at\/tirol\/wp-json\/wp\/v2\/comments?post=2632"}],"version-history":[{"count":0,"href":"https:\/\/dr-rad.at\/tirol\/wp-json\/wp\/v2\/posts\/2632\/revisions"}],"wp:attachment":[{"href":"https:\/\/dr-rad.at\/tirol\/wp-json\/wp\/v2\/media?parent=2632"}],"wp:term":[{"taxonomy":"category","embeddable":true,"href":"https:\/\/dr-rad.at\/tirol\/wp-json\/wp\/v2\/categories?post=2632"},{"taxonomy":"post_tag","embeddable":true,"href":"https:\/\/dr-rad.at\/tirol\/wp-json\/wp\/v2\/tags?post=2632"}],"curies":[{"name":"wp","href":"https:\/\/api.w.org\/{rel}","templated":true}]}}