{"id":2581,"date":"2020-04-08T19:10:59","date_gmt":"2020-04-08T19:10:59","guid":{"rendered":"https:\/\/dr-rad.at\/tirol\/?p=2581"},"modified":"2020-04-08T19:10:59","modified_gmt":"2020-04-08T19:10:59","slug":"inoffizieller-radfeiertag-2020","status":"publish","type":"post","link":"https:\/\/dr-rad.at\/tirol\/inoffizieller-radfeiertag-2020\/","title":{"rendered":"Inoffizieller Radfeiertag 2020"},"content":{"rendered":"<p>Das war er also, der 1.Tag nach der Quarant\u00e4neeinschr\u00e4nkung. Moderates Bewegen im Alleingang nutzten so manche die ihr Fahrrad auch zum ersten Mal aufs Parkett f\u00fchrten. Ganz viel Neues war zu sehen. Quasi noch nie geputzte Rennr\u00e4der (nie geputzt weil nagelneu) reihten sich ab. Rahmen vom Feinsten von Celeste bis Magenta, aus Italien, der Schweiz, USA und wasessonstnoch alles zu fahren gibt. Wahre Leckerbissen waren nicht nur frisch aus der Schachtel unterwegs. Hauptsache raus war die Devise. Sind wir mal gespannt, wie lange das Inntal mit seinem R\u00fccken- oder Gegenwind popul\u00e4r bleibt. Ob dankbar zwischen Telfs und W\u00f6rgl oder angezipft und hungerastig gegen den Wind. Das Freiheitsgef\u00fchl war jedenfalls sp\u00fcrbar.<\/p>\n","protected":false},"excerpt":{"rendered":"<p>Das war er also, der 1.Tag nach der Quarant\u00e4neeinschr\u00e4nkung. Moderates Bewegen im Alleingang nutzten so manche die ihr Fahrrad auch zum ersten Mal aufs Parkett f\u00fchrten. Ganz viel Neues war zu sehen. Quasi noch nie geputzte Rennr\u00e4der (nie geputzt weil nagelneu) reihten sich ab. Rahmen vom Feinsten von Celeste bis Magenta, aus Italien, der Schweiz, [&hellip;]<\/p>\n","protected":false},"author":2,"featured_media":0,"comment_status":"closed","ping_status":"closed","sticky":false,"template":"","format":"standard","meta":{"_et_pb_use_builder":"","_et_pb_old_content":"","_et_gb_content_width":"","footnotes":""},"categories":[228,101],"tags":[],"class_list":["post-2581","post","type-post","status-publish","format-standard","hentry","category-gesundheit","category-sport"],"_links":{"self":[{"href":"https:\/\/dr-rad.at\/tirol\/wp-json\/wp\/v2\/posts\/2581","targetHints":{"allow":["GET"]}}],"collection":[{"href":"https:\/\/dr-rad.at\/tirol\/wp-json\/wp\/v2\/posts"}],"about":[{"href":"https:\/\/dr-rad.at\/tirol\/wp-json\/wp\/v2\/types\/post"}],"author":[{"embeddable":true,"href":"https:\/\/dr-rad.at\/tirol\/wp-json\/wp\/v2\/users\/2"}],"replies":[{"embeddable":true,"href":"https:\/\/dr-rad.at\/tirol\/wp-json\/wp\/v2\/comments?post=2581"}],"version-history":[{"count":0,"href":"https:\/\/dr-rad.at\/tirol\/wp-json\/wp\/v2\/posts\/2581\/revisions"}],"wp:attachment":[{"href":"https:\/\/dr-rad.at\/tirol\/wp-json\/wp\/v2\/media?parent=2581"}],"wp:term":[{"taxonomy":"category","embeddable":true,"href":"https:\/\/dr-rad.at\/tirol\/wp-json\/wp\/v2\/categories?post=2581"},{"taxonomy":"post_tag","embeddable":true,"href":"https:\/\/dr-rad.at\/tirol\/wp-json\/wp\/v2\/tags?post=2581"}],"curies":[{"name":"wp","href":"https:\/\/api.w.org\/{rel}","templated":true}]}}