{"id":2500,"date":"2020-01-31T06:13:17","date_gmt":"2020-01-31T06:13:17","guid":{"rendered":"https:\/\/dr-rad.at\/tirol\/?p=2500"},"modified":"2020-01-31T06:17:53","modified_gmt":"2020-01-31T06:17:53","slug":"innsbruck","status":"publish","type":"post","link":"https:\/\/dr-rad.at\/tirol\/innsbruck\/","title":{"rendered":"1. Radworkshop Innsbruck"},"content":{"rendered":"<header class=\"entry-header\">\n<p class=\"entry-title\">1. Innsbrucker Radworkshop am 17.02.2020<\/p>\n<\/header>\n<div class=\"entry-content\">\n<p data-adtags-visited=\"true\">Die Fu\u00df- und Radkoordination der Landeshauptstadt Innsbruck ruft zum 1. Innsbrucker Radworkshop.<\/p>\n<p data-adtags-visited=\"true\">In der Stadtbibliothek im Pema 2 Geb\u00e4ude beim Bahnhof.<\/p>\n<p data-adtags-visited=\"true\">Begr\u00fcssung Innsbrucks B\u00fcrgermeister Georg Willi.<\/p>\n<\/div>\n","protected":false},"excerpt":{"rendered":"<p>1. Innsbrucker Radworkshop am 17.02.2020 Die Fu\u00df- und Radkoordination der Landeshauptstadt Innsbruck ruft zum 1. Innsbrucker Radworkshop. In der Stadtbibliothek im Pema 2 Geb\u00e4ude beim Bahnhof. Begr\u00fcssung Innsbrucks B\u00fcrgermeister Georg Willi.<\/p>\n","protected":false},"author":2,"featured_media":2506,"comment_status":"closed","ping_status":"closed","sticky":false,"template":"","format":"standard","meta":{"_et_pb_use_builder":"","_et_pb_old_content":"","_et_gb_content_width":"","footnotes":""},"categories":[262],"tags":[],"class_list":["post-2500","post","type-post","status-publish","format-standard","has-post-thumbnail","hentry","category-workshop"],"_links":{"self":[{"href":"https:\/\/dr-rad.at\/tirol\/wp-json\/wp\/v2\/posts\/2500","targetHints":{"allow":["GET"]}}],"collection":[{"href":"https:\/\/dr-rad.at\/tirol\/wp-json\/wp\/v2\/posts"}],"about":[{"href":"https:\/\/dr-rad.at\/tirol\/wp-json\/wp\/v2\/types\/post"}],"author":[{"embeddable":true,"href":"https:\/\/dr-rad.at\/tirol\/wp-json\/wp\/v2\/users\/2"}],"replies":[{"embeddable":true,"href":"https:\/\/dr-rad.at\/tirol\/wp-json\/wp\/v2\/comments?post=2500"}],"version-history":[{"count":0,"href":"https:\/\/dr-rad.at\/tirol\/wp-json\/wp\/v2\/posts\/2500\/revisions"}],"wp:featuredmedia":[{"embeddable":true,"href":"https:\/\/dr-rad.at\/tirol\/wp-json\/wp\/v2\/media\/2506"}],"wp:attachment":[{"href":"https:\/\/dr-rad.at\/tirol\/wp-json\/wp\/v2\/media?parent=2500"}],"wp:term":[{"taxonomy":"category","embeddable":true,"href":"https:\/\/dr-rad.at\/tirol\/wp-json\/wp\/v2\/categories?post=2500"},{"taxonomy":"post_tag","embeddable":true,"href":"https:\/\/dr-rad.at\/tirol\/wp-json\/wp\/v2\/tags?post=2500"}],"curies":[{"name":"wp","href":"https:\/\/api.w.org\/{rel}","templated":true}]}}