{"id":2484,"date":"2020-01-27T18:28:59","date_gmt":"2020-01-27T18:28:59","guid":{"rendered":"https:\/\/dr-rad.at\/tirol\/?p=2484"},"modified":"2020-01-27T18:31:58","modified_gmt":"2020-01-27T18:31:58","slug":"fliegende-schweizer","status":"publish","type":"post","link":"https:\/\/dr-rad.at\/tirol\/fliegende-schweizer\/","title":{"rendered":"Fliegende Schweizer"},"content":{"rendered":"<p style=\"text-align: left;\">Wer hats erfunden?<\/p>\n<p style=\"text-align: left;\">Die mobile Werkstatt f\u00fcr Velos.<\/p>\n<p style=\"text-align: left;\">Nachhaltig und innovativ pr\u00e4sentiert sich ein dynamisches Start-Up aus der Schweiz. Aus Z\u00fcrich West kommend ist eine Velowerkstatt auf vier R\u00e4dern in der ganzen Schweiz unterwegs, die im Zuge einer Transportl\u00f6sung mit Fahrrad zum Einsatz kommt. Urbanes Vorw\u00e4rtskommen braucht st\u00e4dtische Mobilit\u00e4t welche durch Fahrr\u00e4der und E-Bikes erf\u00fcllt wird. Wie w\u00e4re es also wenn Fahrrad- und E-Bike Flotten f\u00fcr Firmen bereit st\u00fcnden, die via App von allen Mitarbeitern gemeinsam genutzt werden k\u00f6nnen.<\/p>\n<p style=\"text-align: left;\">Diese Bikes werden regelm\u00e4ssig mittels dieser mobilen Werkstatt, als Velotruck verkleidet, gewartet.<\/p>\n<p>Zwei Ideen in einer eleganten L\u00f6sung. Swissmade.<\/p>\n","protected":false},"excerpt":{"rendered":"<p>Wer hats erfunden? Die mobile Werkstatt f\u00fcr Velos. Nachhaltig und innovativ pr\u00e4sentiert sich ein dynamisches Start-Up aus der Schweiz. Aus Z\u00fcrich West kommend ist eine Velowerkstatt auf vier R\u00e4dern in der ganzen Schweiz unterwegs, die im Zuge einer Transportl\u00f6sung mit Fahrrad zum Einsatz kommt. Urbanes Vorw\u00e4rtskommen braucht st\u00e4dtische Mobilit\u00e4t welche durch Fahrr\u00e4der und E-Bikes erf\u00fcllt [&hellip;]<\/p>\n","protected":false},"author":2,"featured_media":2486,"comment_status":"closed","ping_status":"closed","sticky":false,"template":"","format":"standard","meta":{"_et_pb_use_builder":"","_et_pb_old_content":"","_et_gb_content_width":"","footnotes":""},"categories":[244,239],"tags":[],"class_list":["post-2484","post","type-post","status-publish","format-standard","has-post-thumbnail","hentry","category-stadtrad","category-werkstatt"],"_links":{"self":[{"href":"https:\/\/dr-rad.at\/tirol\/wp-json\/wp\/v2\/posts\/2484","targetHints":{"allow":["GET"]}}],"collection":[{"href":"https:\/\/dr-rad.at\/tirol\/wp-json\/wp\/v2\/posts"}],"about":[{"href":"https:\/\/dr-rad.at\/tirol\/wp-json\/wp\/v2\/types\/post"}],"author":[{"embeddable":true,"href":"https:\/\/dr-rad.at\/tirol\/wp-json\/wp\/v2\/users\/2"}],"replies":[{"embeddable":true,"href":"https:\/\/dr-rad.at\/tirol\/wp-json\/wp\/v2\/comments?post=2484"}],"version-history":[{"count":0,"href":"https:\/\/dr-rad.at\/tirol\/wp-json\/wp\/v2\/posts\/2484\/revisions"}],"wp:featuredmedia":[{"embeddable":true,"href":"https:\/\/dr-rad.at\/tirol\/wp-json\/wp\/v2\/media\/2486"}],"wp:attachment":[{"href":"https:\/\/dr-rad.at\/tirol\/wp-json\/wp\/v2\/media?parent=2484"}],"wp:term":[{"taxonomy":"category","embeddable":true,"href":"https:\/\/dr-rad.at\/tirol\/wp-json\/wp\/v2\/categories?post=2484"},{"taxonomy":"post_tag","embeddable":true,"href":"https:\/\/dr-rad.at\/tirol\/wp-json\/wp\/v2\/tags?post=2484"}],"curies":[{"name":"wp","href":"https:\/\/api.w.org\/{rel}","templated":true}]}}