{"id":2393,"date":"2019-12-31T08:39:44","date_gmt":"2019-12-31T08:39:44","guid":{"rendered":"https:\/\/dr-rad.at\/tirol\/?p=2393"},"modified":"2019-12-31T08:57:00","modified_gmt":"2019-12-31T08:57:00","slug":"neujahrsvorsatz-radfahren","status":"publish","type":"post","link":"https:\/\/dr-rad.at\/tirol\/neujahrsvorsatz-radfahren\/","title":{"rendered":"Neujahrsvorsatz Radfahren"},"content":{"rendered":"<div class=\"article-header\">\n<header>\n<p class=\"article-kicker\">NEUJAHRSVORS\u00c4TZE<\/p>\n<p class=\"article-subtitle\">Zum Jahreswechsel kommen die Vors\u00e4tze. Vom Plan zur Umsetzung. Wenn da nicht der Schweinehund und die Realit\u00e4t w\u00e4ren, denn oft scheitert es bereits an der Planung.<\/p>\n<\/header>\n<\/div>\n<div class=\"article-body\">\n<p>Ziele sollen realistisch und \u00fcberpr\u00fcfbar sein, mit dem blo\u00dfen Kauf eines Fahrrades ist es noch nicht getan.<\/p>\n<p>Verbindlichkeit und Verabredung lauten die Vors\u00e4tze, Sieg \u00fcber den innerem Schweinehund lautet die Devise.<\/p>\n<p>Den zu besiegen schaffst du indem dir das neue Tun Spa\u00df macht.<\/p>\n<p>Das Fahrrad zu pflegen geh\u00f6rt zum Spa\u00df dazu.<\/p>\n<\/div>\n","protected":false},"excerpt":{"rendered":"<p>NEUJAHRSVORS\u00c4TZE Zum Jahreswechsel kommen die Vors\u00e4tze. Vom Plan zur Umsetzung. Wenn da nicht der Schweinehund und die Realit\u00e4t w\u00e4ren, denn oft scheitert es bereits an der Planung. Ziele sollen realistisch und \u00fcberpr\u00fcfbar sein, mit dem blo\u00dfen Kauf eines Fahrrades ist es noch nicht getan. Verbindlichkeit und Verabredung lauten die Vors\u00e4tze, Sieg \u00fcber den innerem Schweinehund [&hellip;]<\/p>\n","protected":false},"author":2,"featured_media":2398,"comment_status":"closed","ping_status":"closed","sticky":false,"template":"","format":"standard","meta":{"_et_pb_use_builder":"","_et_pb_old_content":"","_et_gb_content_width":"","footnotes":""},"categories":[227],"tags":[],"class_list":["post-2393","post","type-post","status-publish","format-standard","has-post-thumbnail","hentry","category-ausdauer"],"_links":{"self":[{"href":"https:\/\/dr-rad.at\/tirol\/wp-json\/wp\/v2\/posts\/2393","targetHints":{"allow":["GET"]}}],"collection":[{"href":"https:\/\/dr-rad.at\/tirol\/wp-json\/wp\/v2\/posts"}],"about":[{"href":"https:\/\/dr-rad.at\/tirol\/wp-json\/wp\/v2\/types\/post"}],"author":[{"embeddable":true,"href":"https:\/\/dr-rad.at\/tirol\/wp-json\/wp\/v2\/users\/2"}],"replies":[{"embeddable":true,"href":"https:\/\/dr-rad.at\/tirol\/wp-json\/wp\/v2\/comments?post=2393"}],"version-history":[{"count":0,"href":"https:\/\/dr-rad.at\/tirol\/wp-json\/wp\/v2\/posts\/2393\/revisions"}],"wp:featuredmedia":[{"embeddable":true,"href":"https:\/\/dr-rad.at\/tirol\/wp-json\/wp\/v2\/media\/2398"}],"wp:attachment":[{"href":"https:\/\/dr-rad.at\/tirol\/wp-json\/wp\/v2\/media?parent=2393"}],"wp:term":[{"taxonomy":"category","embeddable":true,"href":"https:\/\/dr-rad.at\/tirol\/wp-json\/wp\/v2\/categories?post=2393"},{"taxonomy":"post_tag","embeddable":true,"href":"https:\/\/dr-rad.at\/tirol\/wp-json\/wp\/v2\/tags?post=2393"}],"curies":[{"name":"wp","href":"https:\/\/api.w.org\/{rel}","templated":true}]}}