{"id":2355,"date":"2019-12-20T08:41:18","date_gmt":"2019-12-20T08:41:18","guid":{"rendered":"https:\/\/dr-rad.at\/tirol\/?p=2355"},"modified":"2019-12-19T21:44:17","modified_gmt":"2019-12-19T21:44:17","slug":"logo-als-plakette-und-emblem","status":"publish","type":"post","link":"https:\/\/dr-rad.at\/tirol\/logo-als-plakette-und-emblem\/","title":{"rendered":"Logo als Plakette und Emblem"},"content":{"rendered":"<p>Das Fahrrad Logo als Emblem<\/p>\n<p>Ein Mercedes Stern oder ein springender Jaguar, ja sogar die Emily, alles namhafte Logos in 3D. Stehende Logos waren einmal stark in Mode. Eine Marke die etwas von sich hielt erf\u00fcllte die Suche nach dem Statussymbol. Diesem mehr Ausdruck zu verleihen gelang durch Platzierung ihres Markenzeichens vorne an der K\u00fchlerhaube. Mit einem potenten K\u00fchlergrill kombiniert, war die Erscheinung sehr ehrf\u00fcrchtig.<br \/>\nDenselben Stolz pr\u00e4sentierten auch die Fahrradhersteller. Ihr Firmenschild prangte als Emblem vorne am Steuerrohr. Meist aus Metall mit Nieten fixiert schob sich der Name und Ruhm zuvorderst durch den Fahrtwind. Die 3D Form wurde sp\u00e4testens beim Fahrrad putzen wahrgenommen. Wenn sich darin die Sonne reflektierte wurde Magie frei. Bei der Pause am Caffee-Stop sa\u00df der Fahrer in Augenh\u00f6he zum Lenker und es ploppte das Logo in Erscheinung. Ein wahrhaft eindr\u00fccklicher Moment. Wahrscheinlich hielt niemand dem Stolz stand, denn irgendwann wurden die Embleme immer weniger. Beim Auto aus Sicherheitsgr\u00fcnden, beim Rad ging es dem Emblem aus anderen Gr\u00fcnden an den Kragen. Vielleicht aus Gewichtsgr\u00fcnden oder wegen dem H\u00e4ngenbleiben mit dem Putztuch. Auch mag sich der Stra\u00dfendreck in den Nischen des Logos gesammelt haben, die Plakette war jedenfalls bald nur mehr ein Sticker oder wurde g\u00e4nzlich abgedankt. Es gab einmal in der Post-Emblem-\u00c4ra auch eine Zeit in der vor allem Rennr\u00e4der an fast jedem Rohr den Markennamen platziert bekamen. Nicht nur Unterrohr und Steuerrohr waren mit dem Markennamen verziert, sondern auch Sattelstreben, Sitzrohr, Oberrohr bis hin zur Gabel. Da wird der eingravierte Vorbau (ja das gab es auch mal) fast zur Nebensache.<\/p>\n<p>Aktuell wird mit viel Zur\u00fcckhaltung ge\u00fcbt oder der Schriftzug ist in schwarz auf schwarzem (weil Carbon) Untergrund wahrzunehmen. Oder er steht unten am Unterrohr. Nach der Theorie, dass alles wiederkommt, ist ein Revival des Emblems am Steuerrohr zu erwarten. Die Frage ist nur wann?!<\/p>\n","protected":false},"excerpt":{"rendered":"<p>Das Fahrrad Logo als Emblem Ein Mercedes Stern oder ein springender Jaguar, ja sogar die Emily, alles namhafte Logos in 3D. Stehende Logos waren einmal stark in Mode. Eine Marke die etwas von sich hielt erf\u00fcllte die Suche nach dem Statussymbol. Diesem mehr Ausdruck zu verleihen gelang durch Platzierung ihres Markenzeichens vorne an der K\u00fchlerhaube. [&hellip;]<\/p>\n","protected":false},"author":2,"featured_media":2356,"comment_status":"closed","ping_status":"closed","sticky":false,"template":"","format":"standard","meta":{"_et_pb_use_builder":"","_et_pb_old_content":"","_et_gb_content_width":"","footnotes":""},"categories":[252,179],"tags":[],"class_list":["post-2355","post","type-post","status-publish","format-standard","has-post-thumbnail","hentry","category-markenname","category-werbung"],"_links":{"self":[{"href":"https:\/\/dr-rad.at\/tirol\/wp-json\/wp\/v2\/posts\/2355","targetHints":{"allow":["GET"]}}],"collection":[{"href":"https:\/\/dr-rad.at\/tirol\/wp-json\/wp\/v2\/posts"}],"about":[{"href":"https:\/\/dr-rad.at\/tirol\/wp-json\/wp\/v2\/types\/post"}],"author":[{"embeddable":true,"href":"https:\/\/dr-rad.at\/tirol\/wp-json\/wp\/v2\/users\/2"}],"replies":[{"embeddable":true,"href":"https:\/\/dr-rad.at\/tirol\/wp-json\/wp\/v2\/comments?post=2355"}],"version-history":[{"count":0,"href":"https:\/\/dr-rad.at\/tirol\/wp-json\/wp\/v2\/posts\/2355\/revisions"}],"wp:featuredmedia":[{"embeddable":true,"href":"https:\/\/dr-rad.at\/tirol\/wp-json\/wp\/v2\/media\/2356"}],"wp:attachment":[{"href":"https:\/\/dr-rad.at\/tirol\/wp-json\/wp\/v2\/media?parent=2355"}],"wp:term":[{"taxonomy":"category","embeddable":true,"href":"https:\/\/dr-rad.at\/tirol\/wp-json\/wp\/v2\/categories?post=2355"},{"taxonomy":"post_tag","embeddable":true,"href":"https:\/\/dr-rad.at\/tirol\/wp-json\/wp\/v2\/tags?post=2355"}],"curies":[{"name":"wp","href":"https:\/\/api.w.org\/{rel}","templated":true}]}}