{"id":2280,"date":"2019-12-15T13:24:15","date_gmt":"2019-12-15T13:24:15","guid":{"rendered":"https:\/\/dr-rad.at\/tirol\/?p=2280"},"modified":"2019-12-15T20:27:11","modified_gmt":"2019-12-15T20:27:11","slug":"kinder-rad-vergleich-woom-vs-merida","status":"publish","type":"post","link":"https:\/\/dr-rad.at\/tirol\/kinder-rad-vergleich-woom-vs-merida\/","title":{"rendered":"Kinder Rad Vergleich: Woom vs Merida"},"content":{"rendered":"<p>[et_pb_section fb_built=&#8220;1&#8243; _builder_version=&#8220;4.0.7&#8243;][et_pb_row column_structure=&#8220;1_2,1_2&#8243; _builder_version=&#8220;4.0.7&#8243;][et_pb_column type=&#8220;1_2&#8243; _builder_version=&#8220;4.0.7&#8243;][et_pb_blurb title=&#8220;Woom 26 Zoll Kinderrad&#8220; _builder_version=&#8220;4.0.7&#8243; header_level=&#8220;h2&#8243; header_text_align=&#8220;left&#8220; animation_style=&#8220;slide&#8220; animation_direction=&#8220;left&#8220; hover_enabled=&#8220;0&#8243;]<\/p>\n<p><a href=\"https:\/\/dr-rad.at\/tirol\/wp-content\/uploads\/2019\/12\/woom_24_1.jpg\"><img decoding=\"async\" class=\"wp-image-2279 alignnone size-medium\" src=\"https:\/\/dr-rad.at\/tirol\/wp-content\/uploads\/2019\/12\/woom_24_1-300x167.jpg\" alt=\"Kinderrad Woom 24 Zoll\" width=\"300\" height=\"167\" \/><\/a><\/p>\n<p>[\/et_pb_blurb][et_pb_blurb _builder_version=&#8220;4.0.7&#8243; header_level=&#8220;h2&#8243; header_text_align=&#8220;right&#8220; animation_style=&#8220;slide&#8220; animation_direction=&#8220;left&#8220;]<\/p>\n<ul>\n<li>Gewicht<\/li>\n<li>Made in Europe\/ Ausria<\/li>\n<li>Rahmengeometrie<\/li>\n<li>Sattelst\u00fctzenl\u00e4nge bis 40 cm<\/li>\n<\/ul>\n<p>[\/et_pb_blurb][\/et_pb_column][et_pb_column type=&#8220;1_2&#8243; _builder_version=&#8220;4.0.7&#8243;][et_pb_blurb title=&#8220;Merida 26 Zoll Kinderrad&#8220; _builder_version=&#8220;4.0.7&#8243; header_level=&#8220;h2&#8243; animation_style=&#8220;fold&#8220; animation_direction=&#8220;right&#8220;]<a href=\"https:\/\/dr-rad.at\/tirol\/wp-content\/uploads\/2019\/12\/merida_24_links.jpg\"><img decoding=\"async\" src=\"https:\/\/dr-rad.at\/tirol\/wp-content\/uploads\/2019\/12\/merida_24_links-300x169.jpg\" width=\"300\" height=\"169\" alt=\"Merida 26 Zoll Kinderrad\" class=\"wp-image-2287 alignnone size-medium\" \/><\/a>[\/et_pb_blurb][et_pb_blurb _builder_version=&#8220;4.0.7&#8243; header_level=&#8220;h2&#8243; header_text_align=&#8220;left&#8220; animation_style=&#8220;slide&#8220; animation_direction=&#8220;left&#8220;]<\/p>\n<ul>\n<li>Preis<\/li>\n<li>Made in Taiwan<\/li>\n<li>Sattelst\u00fctzenl\u00e4nge maximal 30cm\u00a0<\/li>\n<\/ul>\n<p>[\/et_pb_blurb][\/et_pb_column][\/et_pb_row][\/et_pb_section]<\/p>\n","protected":false},"excerpt":{"rendered":"<p>Gewicht Made in Europe\/ Ausria Rahmengeometrie Sattelst\u00fctzenl\u00e4nge bis 40 cm Preis Made in Taiwan Sattelst\u00fctzenl\u00e4nge maximal 30cm\u00a0<\/p>\n","protected":false},"author":3,"featured_media":2279,"comment_status":"closed","ping_status":"closed","sticky":false,"template":"","format":"standard","meta":{"_et_pb_use_builder":"on","_et_pb_old_content":"","_et_gb_content_width":"","footnotes":""},"categories":[86],"tags":[],"class_list":["post-2280","post","type-post","status-publish","format-standard","has-post-thumbnail","hentry","category-blog"],"_links":{"self":[{"href":"https:\/\/dr-rad.at\/tirol\/wp-json\/wp\/v2\/posts\/2280","targetHints":{"allow":["GET"]}}],"collection":[{"href":"https:\/\/dr-rad.at\/tirol\/wp-json\/wp\/v2\/posts"}],"about":[{"href":"https:\/\/dr-rad.at\/tirol\/wp-json\/wp\/v2\/types\/post"}],"author":[{"embeddable":true,"href":"https:\/\/dr-rad.at\/tirol\/wp-json\/wp\/v2\/users\/3"}],"replies":[{"embeddable":true,"href":"https:\/\/dr-rad.at\/tirol\/wp-json\/wp\/v2\/comments?post=2280"}],"version-history":[{"count":0,"href":"https:\/\/dr-rad.at\/tirol\/wp-json\/wp\/v2\/posts\/2280\/revisions"}],"wp:featuredmedia":[{"embeddable":true,"href":"https:\/\/dr-rad.at\/tirol\/wp-json\/wp\/v2\/media\/2279"}],"wp:attachment":[{"href":"https:\/\/dr-rad.at\/tirol\/wp-json\/wp\/v2\/media?parent=2280"}],"wp:term":[{"taxonomy":"category","embeddable":true,"href":"https:\/\/dr-rad.at\/tirol\/wp-json\/wp\/v2\/categories?post=2280"},{"taxonomy":"post_tag","embeddable":true,"href":"https:\/\/dr-rad.at\/tirol\/wp-json\/wp\/v2\/tags?post=2280"}],"curies":[{"name":"wp","href":"https:\/\/api.w.org\/{rel}","templated":true}]}}