{"id":2130,"date":"2019-09-26T13:26:38","date_gmt":"2019-09-26T13:26:38","guid":{"rendered":"https:\/\/dr-rad.at\/tirol\/?p=2130"},"modified":"2019-09-26T13:26:38","modified_gmt":"2019-09-26T13:26:38","slug":"vital-radweg","status":"publish","type":"post","link":"https:\/\/dr-rad.at\/tirol\/vital-radweg\/","title":{"rendered":"Vital Radweg"},"content":{"rendered":"<p>Der 23 km lange \u201eVital-Radweg\u201c von Igls bis Rinn und zur\u00fcck ist fertig, und wurde feierlich er\u00f6ffnet. Die Idee entstand im Rahmen des 2015 gestarteten Entwicklungsprozesses Patscherkofel-Glungezer, bei dem es sich um die so benannte \u201eVitalregion\u201c handelt.<br \/>\nEine Arbeitsgruppe zum Thema Radverkehr rund um Thomas Pupp konnte dieses erste Vorhaben realisieren. Die Anbindung nach Innsbruck liegt als Wunsch auf der Hand.<\/p>\n<p>Der Rundkurs f\u00fchrt haupts\u00e4chlich \u00fcber Asphalt, 4 km Schotterstrecken verlaufen im Wald. Von Igls bei der alten Patscherkofelbahn geht es entlang der Tramlinie 6 nach Lans. Weiter \u00fcber die Vogelh\u00fctte, Aldrans, Rans, dem Herzsee, Aste, Wiesenh\u00f6fe und Rinn bis Judenstein. Alternativ f\u00fchrt der Rundkurs via Wiesenh\u00f6fe \u00fcber Sistrans.<\/p>\n<p>&nbsp;<\/p>\n","protected":false},"excerpt":{"rendered":"<p>Der 23 km lange \u201eVital-Radweg\u201c von Igls bis Rinn und zur\u00fcck ist fertig, und wurde feierlich er\u00f6ffnet. Die Idee entstand im Rahmen des 2015 gestarteten Entwicklungsprozesses Patscherkofel-Glungezer, bei dem es sich um die so benannte \u201eVitalregion\u201c handelt. Eine Arbeitsgruppe zum Thema Radverkehr rund um Thomas Pupp konnte dieses erste Vorhaben realisieren. Die Anbindung nach Innsbruck [&hellip;]<\/p>\n","protected":false},"author":2,"featured_media":0,"comment_status":"closed","ping_status":"closed","sticky":false,"template":"","format":"standard","meta":{"_et_pb_use_builder":"","_et_pb_old_content":"","_et_gb_content_width":"","footnotes":""},"categories":[102],"tags":[],"class_list":["post-2130","post","type-post","status-publish","format-standard","hentry","category-radwege"],"_links":{"self":[{"href":"https:\/\/dr-rad.at\/tirol\/wp-json\/wp\/v2\/posts\/2130","targetHints":{"allow":["GET"]}}],"collection":[{"href":"https:\/\/dr-rad.at\/tirol\/wp-json\/wp\/v2\/posts"}],"about":[{"href":"https:\/\/dr-rad.at\/tirol\/wp-json\/wp\/v2\/types\/post"}],"author":[{"embeddable":true,"href":"https:\/\/dr-rad.at\/tirol\/wp-json\/wp\/v2\/users\/2"}],"replies":[{"embeddable":true,"href":"https:\/\/dr-rad.at\/tirol\/wp-json\/wp\/v2\/comments?post=2130"}],"version-history":[{"count":0,"href":"https:\/\/dr-rad.at\/tirol\/wp-json\/wp\/v2\/posts\/2130\/revisions"}],"wp:attachment":[{"href":"https:\/\/dr-rad.at\/tirol\/wp-json\/wp\/v2\/media?parent=2130"}],"wp:term":[{"taxonomy":"category","embeddable":true,"href":"https:\/\/dr-rad.at\/tirol\/wp-json\/wp\/v2\/categories?post=2130"},{"taxonomy":"post_tag","embeddable":true,"href":"https:\/\/dr-rad.at\/tirol\/wp-json\/wp\/v2\/tags?post=2130"}],"curies":[{"name":"wp","href":"https:\/\/api.w.org\/{rel}","templated":true}]}}