{"id":1903,"date":"2019-02-07T06:51:10","date_gmt":"2019-02-07T06:51:10","guid":{"rendered":"http:\/\/dr-rad.at\/tirol\/?p=1903"},"modified":"2019-07-29T06:22:08","modified_gmt":"2019-07-29T06:22:08","slug":"radhighway-pv-16","status":"publish","type":"post","link":"https:\/\/dr-rad.at\/tirol\/radhighway-pv-16\/","title":{"rendered":"Radhighway PV 16"},"content":{"rendered":"<p>Mils &#8211; Innsbruck Fahrradweg<\/p>\n<p>Mit einem gemeinsamen Radwegekonzept will der Planungsverband Hall und Umgebung zur Entlastung der verkehrsgeplagten Region und f\u00fcr ein attraktiveres Wegenetz beitragen.<\/p>\n<p>Die Kaiser-Max-Stra\u00dfe soll zur Fahrradstra\u00dfe werden. Der Auftakt zum \u201eRadhighway\u201c bis Innsbruck.<\/p>\n<p>Das Radverkehrskonzept f\u00fcr die Region Hall und Umgebung, wurde diese Woche im Haller Kurhaus\u00a0 vorgestellt. Seit J\u00e4nner 2018 wird daran gearbeitet.<\/p>\n<p>Nicht zuletzt Dank der Rad WM kommt etwas Schwung ins Fahrrad-Wege-Netz.<\/p>\n<p>Der Radverkehr ist nicht nur ob der massiven E-Bike Welle zum Individualverkehrsmittel Nummer 1 (zur und von der Arbeit) geworden. Wenn das Auto stehen gelassen werden kann, wird es eben bevorzugt stehen gelassen.<\/p>\n<p>Offiziellen Sch\u00e4tzungen zufolge sind es aber nur 9 % der 168.000 t\u00e4glichen Wege im Planungsgebiet und 22% in Innsbruck die per Velo zur\u00fcckgelegt werden. Wahrlich noch Potential und viel Luft nach oben f\u00fcr Rad und E-Bike<\/p>\n<p>Der\u00a0 \u201eRadhighway PV 16\u201c nach Innsbruck geht vom frisch adaptierten Milser Ortszentrum \u00fcber den Wei\u00dfenbach oberhalb der Umit quer durch Hall nach Thaur und Rum. Das Einm\u00fcnden in bestehende Radwege in Innsbruck w\u00fcrde die Verbindung perfekt machen. Auch entlang der Martha-D\u00f6rfer und nach Gnadenwald wird im Konzept eine Radroute mitgedacht.<\/p>\n<p>In f\u00fcnf Jahren sollte vieles umgesetzt sein.<\/p>\n<p>Das Haller Schwimmbad oder der Inntalradweg auf der n\u00f6rdlichen Innseite stehen in Vorbereitung.<\/p>\n<p>Wenn sich nun Absam, Hall, Mils, Rum, Thaur und Innsbruck einigen k\u00f6nnte der Grundsatzbeschluss f\u00fcr das Radkonzept in Realit\u00e4t umgesetzt werden. Gemeinsam, wenn die Gemeinden es wollen.<\/p>\n<p>&nbsp;<\/p>\n<p>&nbsp;<\/p>\n<p>&nbsp;<\/p>\n","protected":false},"excerpt":{"rendered":"<p>Mils &#8211; Innsbruck Fahrradweg Mit einem gemeinsamen Radwegekonzept will der Planungsverband Hall und Umgebung zur Entlastung der verkehrsgeplagten Region und f\u00fcr ein attraktiveres Wegenetz beitragen. Die Kaiser-Max-Stra\u00dfe soll zur Fahrradstra\u00dfe werden. Der Auftakt zum \u201eRadhighway\u201c bis Innsbruck. Das Radverkehrskonzept f\u00fcr die Region Hall und Umgebung, wurde diese Woche im Haller Kurhaus\u00a0 vorgestellt. Seit J\u00e4nner 2018 [&hellip;]<\/p>\n","protected":false},"author":2,"featured_media":0,"comment_status":"closed","ping_status":"closed","sticky":false,"template":"","format":"standard","meta":{"_et_pb_use_builder":"","_et_pb_old_content":"","_et_gb_content_width":"","footnotes":""},"categories":[102],"tags":[],"class_list":["post-1903","post","type-post","status-publish","format-standard","hentry","category-radwege"],"_links":{"self":[{"href":"https:\/\/dr-rad.at\/tirol\/wp-json\/wp\/v2\/posts\/1903","targetHints":{"allow":["GET"]}}],"collection":[{"href":"https:\/\/dr-rad.at\/tirol\/wp-json\/wp\/v2\/posts"}],"about":[{"href":"https:\/\/dr-rad.at\/tirol\/wp-json\/wp\/v2\/types\/post"}],"author":[{"embeddable":true,"href":"https:\/\/dr-rad.at\/tirol\/wp-json\/wp\/v2\/users\/2"}],"replies":[{"embeddable":true,"href":"https:\/\/dr-rad.at\/tirol\/wp-json\/wp\/v2\/comments?post=1903"}],"version-history":[{"count":0,"href":"https:\/\/dr-rad.at\/tirol\/wp-json\/wp\/v2\/posts\/1903\/revisions"}],"wp:attachment":[{"href":"https:\/\/dr-rad.at\/tirol\/wp-json\/wp\/v2\/media?parent=1903"}],"wp:term":[{"taxonomy":"category","embeddable":true,"href":"https:\/\/dr-rad.at\/tirol\/wp-json\/wp\/v2\/categories?post=1903"},{"taxonomy":"post_tag","embeddable":true,"href":"https:\/\/dr-rad.at\/tirol\/wp-json\/wp\/v2\/tags?post=1903"}],"curies":[{"name":"wp","href":"https:\/\/api.w.org\/{rel}","templated":true}]}}