{"id":1878,"date":"2018-10-24T20:05:16","date_gmt":"2018-10-24T20:05:16","guid":{"rendered":"http:\/\/dr-rad.at\/tirol\/?p=1878"},"modified":"2019-07-29T06:22:08","modified_gmt":"2019-07-29T06:22:08","slug":"rad-highway-to-innsbruck","status":"publish","type":"post","link":"https:\/\/dr-rad.at\/tirol\/rad-highway-to-innsbruck\/","title":{"rendered":"Vision Rad Highway to Innsbruck"},"content":{"rendered":"<p style=\"padding-left: 30px;\">Nach der WM ist vor dem R\u00fcckenwind der vergangenen WM:<\/p>\n<p>Copy and paste zum Thema Radwege&#8230;<\/p>\n<div class=\"off-canvas-wrapper\">\n<div class=\"off-canvas-wrapper-inner\" data-off-canvas-wrapper=\"\">\n<div class=\"off-canvas-content\" data-off-canvas-content=\"\">\n<div class=\"row\" role=\"content\">\n<section class=\"article-detail article-detail-template default\" data-article-id=\"2982198\">\n<article class=\"article-main\">\n<div class=\"small-12 columns\">\n<header>\n<div class=\"row column article-hero-image\">\n<figure class=\"aspect-ratio-2-1\" data-media-id=\"16526943\">\n<div class=\"relative\" data-open-photoswipe-galleryid=\"default\" data-open-photoswipe-pid=\"16526943\"><img decoding=\"async\" class=\"imagecontainer\" src=\"https:\/\/media04.meinbezirk.at\/article\/2018\/10\/23\/3\/16526943_L.jpg?1540286574\" alt=\"Ein Umstieg vom Auto auf's E-Bike l\u00f6st ein Umweltproblem, ein anderes Problem d\u00fcrfte sich aber nur verlagern ...\" data-aspectratio=\"0.690962099\" data-object-position=\"50% 50%\" \/><\/div><figcaption class=\"label secondary\">\n<ul class=\"media-caption\">\n<li>Ein Umstieg vom Auto auf&#8217;s E-Bike l\u00f6st ein Umweltproblem, ein anderes Problem d\u00fcrfte sich aber nur verlagern &#8230;<\/li>\n<li>Foto: Cartoon Roman Ritscher<\/li>\n<li>hochgeladen von\u00a0<a href=\"https:\/\/www.meinbezirk.at\/telfs\/profile-109\/georg-larcher\">Georg Larcher<\/a><\/li>\n<\/ul>\n<\/figcaption><\/figure>\n<\/div>\n<\/header>\n<\/div>\n<div id=\"content-main\" class=\"small-12 large-8 large-pull-4 columns\">\n<div class=\"article-author\">\n<div class=\"avatar-wrap \">\n<div class=\"avatar size-tny\">\n<figure class=\"aspect-ratio-1-1\" data-media-id=\"566\">\n<div class=\"relative\"><\/div>\n<\/figure>\n<\/div>\n<\/div>\n<div class=\"article-author-text-block\">Autor:\u00a0<a class=\"article-author-link\" href=\"https:\/\/www.meinbezirk.at\/telfs\/profile-109\/georg-larcher?type=article\">Georg Larcher<\/a><span class=\"article-author-hometown\">\u00a0aus Telfs<\/span><\/div>\n<\/div>\n<div data-content-text=\"\">\n<p>ZIRL. Bereits w\u00e4hrend dem Landtags-Wahlkampf 2017 hat der Zirler B\u00fcrgermeister Thomas \u00d6fner anl\u00e4sslich von Blaniks-Wahlkampf-Tour in Zirl von einem &#8222;Rad-Highway&#8220; von Zirl nach Innsbruck gesprochen, eine Vision, die in absehbarer Zeit Realit\u00e4t werden soll. Daf\u00fcr m\u00fcsste der Innradweg zwischen Inn und A12 ausgebaut bzw. asphaltiert werden, auch die Anbindung von Zirl aus ist noch umst\u00e4ndlich, erkl\u00e4rt \u00d6fner.<br \/>\nDer Innsbrucker SP\u00d6-Politiker und Ex-Radsportler Thomas Pupp war es, der den Zirler Ortschef auf Beispiele in anderen L\u00e4ndern aufmerksam gemacht hat: Die L\u00e4nder investieren kr\u00e4ftig in gut ausgebaute Rad-Highways. \u00d6fner ist froh \u00fcber das Bekenntnis der B\u00fcrgermeisterkollegen, der Rad-Boom hat auch die Politik erreicht: &#8222;In der letzten Planungsverbands-Sitzung mit dem Innsbrucker B\u00fcrgermeister Georg Willi war das ein gro\u00dfes Thema. Alle B\u00fcrgermeister der Region sind \u00fcberzeugt, dass hier Handlungsbedarf besteht&#8220;, freut \u00d6fner, dass alle an einem Strang ziehen.<br \/>\nDa kommt auch der E-Bike-Boom gerade recht, so \u00d6fner. 70% der verkauften R\u00e4der sind mit E-Motor ausgestattet. &#8222;Unser Wunsch ist es, die Infrastruktur so auszubauen, dass die Pendler k\u00fcnftig vom Auto zum Fahrrad umsteigen und in die Landeshauptstadt radeln.&#8220; Es w\u00e4re eine Entlastung der t\u00e4glichen Staus Richtung Stadt und auch f\u00fcr die mangelnde Parkplatz-Kapazit\u00e4t w\u00e4re gesorgt.<\/p>\n<h2>Rad-Br\u00fccke 1. Schritt<\/h2>\n<p>Ein Schritt in diese Richtung ist auch dieses Projekt des Landes: eine Rad-Br\u00fccke von Zirl (Bereich Einm\u00fcndung Ehnbach in Inn) \u00fcber den Inn nach Unterperfuss. Die Stra\u00dfenbauverhandlung ist bereits abgeschlossen. LHStv Josef Geisler erkl\u00e4rt dazu: &#8222;Wir nutzen den R\u00fcckenwind der Rad WM und werden die Radwegeoffensive fortf\u00fchren. Die Radbr\u00fccke von Zirl nach Unterperfuss \u00fcber den Inn ist eines der Leuchtturmprojekte dieser Offensive und wird ein echtes Schmuckst\u00fcck. Die Arbeiten starten noch heuer.&#8220; Am 16. November ist der Spatenstich f\u00fcr diese Radbr\u00fccke geplant. Die Radbr\u00fccke Zirl ist neben der Radbr\u00fccke Vomperbach und der Radbr\u00fccke Aschau im Zillertal eine von drei vorliegenden Br\u00fcckenprojekten im Rahmen der Radwegeoffensive.<br \/>\nZirl wird bei diesem Projekt 30% der Kosten \u00fcbernehmen m\u00fcssen, sagt \u00d6fner, daf\u00fcr muss im Budget 2019 gesorgt werden. Auch bei den Planungskosten musste Zirl heuer einen 20%igen Anteil im Budget reservieren. Das w\u00e4re auch eine gute Einbindung von Zirl an den Innradweg, meint \u00d6fner, ein wichtiger Schritt zum Wunsch-Projekt &#8222;Rad-Highway&#8220;.<\/p>\n<h2>Zur Sache:<\/h2>\n<p>Die Rad-Br\u00fccke in Zirl, f\u00fcr die heuer noch der Spatenstich erfolgt, ist nur eines von vielen Projekten im Land, das den Radlern zugutekommt. Bereits zur Rad-Weltmeisterschaft hat sich das politische Land Tirol offiziell dazu bekannt, das Radfahren in Tirol in den kommenden Jahren sowohl im Alltag als auch in der Freizeit noch attraktiver zu machen.<\/p>\n<p><b>Vergangenes<\/b><br \/>\nGemeinden und Tourismusverb\u00e4nde haben bereits 80 km Radwege saniert oder neu gebaut. Es wurden 14 Mio. \u20ac investiert. Das Land Tirol hat diese Investition bisher mit 9 Mio. \u20ac unterst\u00fctzt.<\/p>\n<p><b>Zukunft<\/b><br \/>\nF\u00fcr die kommenden vier Jahre liegen bereits 80 Projekte zur Verbesserung der Radinfrastruktur mit einem Investitionsvolumen von 34 Mio. \u20ac und einem F\u00f6rdervolumen von 19 Mio. \u20ac vor.<\/p>\n<\/div>\n<div class=\"margin-bottom\"><\/div>\n<div class=\"margin-bottom\">\n<div id=\"slot_articlewidget\" class=\"bannerslot-centered\"><\/div>\n<\/div>\n<div class=\"article-author\">\n<div class=\"avatar-wrap \">\n<div class=\"avatar size-lrg\">\n<figure class=\"aspect-ratio-1-1\" data-media-id=\"566\">\n<div class=\"relative\">\n<p><img decoding=\"async\" class=\"imagecontainer\" src=\"data:image\/gif;base64,R0lGODlhAQABAIAAAAAAAP\/\/\/yH5BAEAAAAALAAAAAABAAEAAAIBRAA7\" alt=\"Georg Larcher\" data-aspectratio=\"1.183673469\" data-src=\"https:\/\/media04.meinbezirk.at\/user\/2010\/08\/23\/6\/566_NATIVE.png?1459406615\" \/><\/p>\n<div class=\"stub-loader\"><\/div>\n<\/div>\n<\/figure>\n<\/div>\n<div class=\"segment size-lrg segment-tirol segment-redakteur\"><\/div>\n<div class=\"clear-both\"><\/div>\n<\/div>\n<div class=\"article-author-text-block\">Autor:\u00a0<a class=\"article-author-link\" href=\"https:\/\/www.meinbezirk.at\/telfs\/profile-109\/georg-larcher?type=article\">Georg Larcher<\/a><span class=\"article-author-hometown\">\u00a0aus Telfs<\/span><\/div>\n<\/div>\n<div class=\"article-social-share-bar\">\n<div class=\"ggm-social-share-bar \"><\/div>\n<\/div>\n<\/div>\n<\/article>\n<\/section>\n<aside class=\"small-12 large-4 large-push-8 columns article-sidebar\">\n<div>\n<div id=\"slot_mobile_interstitial\" class=\"bannerslot-centered\"><\/div>\n<\/div>\n<\/aside>\n<\/div>\n<div class=\"cta-button-bar\" data-cta-button-bar=\"\"><\/div>\n<div class=\"row columns footer-distance\"><\/div>\n<footer class=\"default\">\n<div class=\"row columns\">\n<table class=\"link-box stack\">\n<tbody>\n<tr>\n<td><\/td>\n<td><\/td>\n<td><\/td>\n<\/tr>\n<\/tbody>\n<\/table>\n<\/div>\n<div class=\"row\">\n<div class=\"small-12 columns text-center\"><\/div>\n<\/div>\n<\/footer>\n<\/div>\n<\/div>\n<\/div>\n","protected":false},"excerpt":{"rendered":"<p>Nach der WM ist vor dem R\u00fcckenwind der vergangenen WM: Copy and paste zum Thema Radwege&#8230; Ein Umstieg vom Auto auf&#8217;s E-Bike l\u00f6st ein Umweltproblem, ein anderes Problem d\u00fcrfte sich aber nur verlagern &#8230; Foto: Cartoon Roman Ritscher hochgeladen von\u00a0Georg Larcher Autor:\u00a0Georg Larcher\u00a0aus Telfs ZIRL. Bereits w\u00e4hrend dem Landtags-Wahlkampf 2017 hat der Zirler B\u00fcrgermeister Thomas [&hellip;]<\/p>\n","protected":false},"author":2,"featured_media":0,"comment_status":"closed","ping_status":"closed","sticky":false,"template":"","format":"standard","meta":{"_et_pb_use_builder":"","_et_pb_old_content":"","_et_gb_content_width":"","footnotes":""},"categories":[86],"tags":[],"class_list":["post-1878","post","type-post","status-publish","format-standard","hentry","category-blog"],"_links":{"self":[{"href":"https:\/\/dr-rad.at\/tirol\/wp-json\/wp\/v2\/posts\/1878","targetHints":{"allow":["GET"]}}],"collection":[{"href":"https:\/\/dr-rad.at\/tirol\/wp-json\/wp\/v2\/posts"}],"about":[{"href":"https:\/\/dr-rad.at\/tirol\/wp-json\/wp\/v2\/types\/post"}],"author":[{"embeddable":true,"href":"https:\/\/dr-rad.at\/tirol\/wp-json\/wp\/v2\/users\/2"}],"replies":[{"embeddable":true,"href":"https:\/\/dr-rad.at\/tirol\/wp-json\/wp\/v2\/comments?post=1878"}],"version-history":[{"count":0,"href":"https:\/\/dr-rad.at\/tirol\/wp-json\/wp\/v2\/posts\/1878\/revisions"}],"wp:attachment":[{"href":"https:\/\/dr-rad.at\/tirol\/wp-json\/wp\/v2\/media?parent=1878"}],"wp:term":[{"taxonomy":"category","embeddable":true,"href":"https:\/\/dr-rad.at\/tirol\/wp-json\/wp\/v2\/categories?post=1878"},{"taxonomy":"post_tag","embeddable":true,"href":"https:\/\/dr-rad.at\/tirol\/wp-json\/wp\/v2\/tags?post=1878"}],"curies":[{"name":"wp","href":"https:\/\/api.w.org\/{rel}","templated":true}]}}