{"id":1875,"date":"2018-10-06T05:11:16","date_gmt":"2018-10-06T05:11:16","guid":{"rendered":"http:\/\/dr-rad.at\/tirol\/?p=1875"},"modified":"2019-07-29T06:22:08","modified_gmt":"2019-07-29T06:22:08","slug":"radwege-ausbau-innsbruck-und-umland","status":"publish","type":"post","link":"https:\/\/dr-rad.at\/tirol\/radwege-ausbau-innsbruck-und-umland\/","title":{"rendered":"Radwege Ausbau Innsbruck und Umland"},"content":{"rendered":"<h2>B\u00fcrgermeisterInnen wollen den Schwung der Rad WM mitnehmen<\/h2>\n<p>Nach der Rad WM fragen viele B\u00fcrgerInnen, wie es um bessere Bedingungen f\u00fcr den Radverkehr im Alltag steht \u2013 Innsbrucks B\u00fcrgermeister Georg Willi hat das zweite gro\u00dfe Treffen mit B\u00fcrgermeisterInnen der Nachbargemeinden daf\u00fcr genutzt, die Radverbindungen zwischen Innsbruck und seinen Nachbargemeinden zu besprechen.<\/p>\n<p>Neben zahlreichen B\u00fcrgermeisterInnen vor allem aus dem Mittelgebirge, war auch das Land Tirol mit Landeshauptmannstellvertreterin Ingrid Felipe und ihren Verkehrsplanern ins Innsbrucker Rathaus gekommen, um gemeinsam Pl\u00e4ne f\u00fcr den Ausbau der Radwegverbindungen zu schmieden und den Schwung der Rad WM mitzunehmen. \u201eIch freue mich, dass in Sachen Radwegeausbau nun alle Verantwortlichen gemeinsam einen Gang h\u00f6her schalten. Viele Tirolerinnen und Tiroler nutzen die Radwege in und rund um Innsbruck auch im Alltag und lassen das Auto immer \u00f6fter stehen. Die geplanten Ausbauten sind gemeinsam mit der Anbindung der Radwege an den \u00f6ffentlichen Verkehr ein wichtiger Beitrag zum Klimaschutz\u201c, sagt Felipe.<\/p>\n<p><strong>Bessere Radweganbindung<\/strong><br \/>\nFolgende Verbesserungen sind bereits fix vorgesehen und geplant: Im Zuge der Sanierung der M\u00fchlauer Br\u00fccke wird 2019 die fahrradtechnische Schwachstelle auf dem Weg von Innsbruck in Richtung Osten behoben. Im kommenden Jahr soll die Radbr\u00fccke von Zirl nach Unterperfuss finalisiert werden. Und ebenfalls 2019 ist der Bau eines durchgehenden Radwegs von Innsbruck nach Natters und Mutters geplant. Die weiteren Anbindungen des westlichen und \u00f6stlichen Mittelgebirges wurde gestern ebenso besprochen, wie eine m\u00f6gliche Attraktivierung des Innradwegs und Radrouten in Richtung der Martha-D\u00f6rfer M\u00fchlau, Arzl, Rum, Thaur und Absam.<\/p>\n<p>Die von Verkehrsexperten Othmar Knoflach pr\u00e4sentierten Potenzialstrecken weisen noch einige L\u00fccken im \u00fcberregionalen Radwegenetz auf, die geschlossen werden m\u00fcssen, wie B\u00fcrgermeister Georg Willi betont: \u201eWir stehen hier am Anfang eines Prozesses, von dem ich mir in einigen Jahren ein Weltklasse-Radwegenetz um Innsbruck erhoffe.\u201c Ziel sei \u201edas Fahrrad als m\u00f6gliches Alltagsfahrzeug in die Arbeit mindestens von Zirl bis Wattens.\u201c<\/p>\n<p><strong>\u00dcberregionale Planung<br \/>\n<\/strong>Die Stadt Innsbruck wird ihren Beitrag dazu leisten, verspricht Mobilit\u00e4tsstadtr\u00e4tin Uschi Schwarzl: \u201eWir haben ab Jahreswechsel zwei statt einem Verantwortlichen f\u00fcr die Radwege. Da werden wir uns als Stadt Innsbruck verst\u00e4rkt bei der \u00fcberregionalen Radwegplanung beteiligen.\u201c<\/p>\n<p>Schon jetzt bringt sie sich die Stadtr\u00e4tin selbst ein und nimmt an den Sitzungen des Planungsverbands Westliches Mittelgebirge teil. \u201eMir ist wichtig, dass wir hier zwischen Innsbruck und den Nachbargemeinden best- und schnellstm\u00f6glichen Informationsfluss haben. Dann geht auch bei den Projekten am schnellsten was weiter.\u201c<\/p>\n<p><a href=\"https:\/\/www.innsbruck.gv.at\/\" target=\"_blank\" rel=\"noopener\">\u00a0<\/a><\/p>\n<p>Quelle: Stadt Innsbruck<\/p>\n<p>&nbsp;<\/p>\n","protected":false},"excerpt":{"rendered":"<p>B\u00fcrgermeisterInnen wollen den Schwung der Rad WM mitnehmen Nach der Rad WM fragen viele B\u00fcrgerInnen, wie es um bessere Bedingungen f\u00fcr den Radverkehr im Alltag steht \u2013 Innsbrucks B\u00fcrgermeister Georg Willi hat das zweite gro\u00dfe Treffen mit B\u00fcrgermeisterInnen der Nachbargemeinden daf\u00fcr genutzt, die Radverbindungen zwischen Innsbruck und seinen Nachbargemeinden zu besprechen. Neben zahlreichen B\u00fcrgermeisterInnen vor [&hellip;]<\/p>\n","protected":false},"author":2,"featured_media":0,"comment_status":"closed","ping_status":"closed","sticky":false,"template":"","format":"standard","meta":{"_et_pb_use_builder":"","_et_pb_old_content":"","_et_gb_content_width":"","footnotes":""},"categories":[71,165,145,102],"tags":[],"class_list":["post-1875","post","type-post","status-publish","format-standard","hentry","category-bike-city","category-innsbruck","category-rad-wm-innsbruck-tirol","category-radwege"],"_links":{"self":[{"href":"https:\/\/dr-rad.at\/tirol\/wp-json\/wp\/v2\/posts\/1875","targetHints":{"allow":["GET"]}}],"collection":[{"href":"https:\/\/dr-rad.at\/tirol\/wp-json\/wp\/v2\/posts"}],"about":[{"href":"https:\/\/dr-rad.at\/tirol\/wp-json\/wp\/v2\/types\/post"}],"author":[{"embeddable":true,"href":"https:\/\/dr-rad.at\/tirol\/wp-json\/wp\/v2\/users\/2"}],"replies":[{"embeddable":true,"href":"https:\/\/dr-rad.at\/tirol\/wp-json\/wp\/v2\/comments?post=1875"}],"version-history":[{"count":0,"href":"https:\/\/dr-rad.at\/tirol\/wp-json\/wp\/v2\/posts\/1875\/revisions"}],"wp:attachment":[{"href":"https:\/\/dr-rad.at\/tirol\/wp-json\/wp\/v2\/media?parent=1875"}],"wp:term":[{"taxonomy":"category","embeddable":true,"href":"https:\/\/dr-rad.at\/tirol\/wp-json\/wp\/v2\/categories?post=1875"},{"taxonomy":"post_tag","embeddable":true,"href":"https:\/\/dr-rad.at\/tirol\/wp-json\/wp\/v2\/tags?post=1875"}],"curies":[{"name":"wp","href":"https:\/\/api.w.org\/{rel}","templated":true}]}}