{"id":1858,"date":"2018-10-01T20:53:15","date_gmt":"2018-10-01T20:53:15","guid":{"rendered":"http:\/\/dr-rad.at\/tirol\/?p=1858"},"modified":"2019-07-29T06:22:10","modified_gmt":"2019-07-29T06:22:10","slug":"uci-rad-wm-wieder-in-oesterreich","status":"publish","type":"post","link":"https:\/\/dr-rad.at\/tirol\/uci-rad-wm-wieder-in-oesterreich\/","title":{"rendered":"UCI Rad WM wieder in \u00d6sterreich"},"content":{"rendered":"<p>Innsbruck ist frische aber sch\u00f6ne Geschichte, Yorkshire ist n\u00e4chstes Jahr UCI Rad WM Ausrichter.<\/p>\n<p>Danach ist die Schweiz dran. Als WM-Gastgeber 2020 ist die sch\u00f6ne Schweiz aber auch gleich f\u00fcr 2024 verpflichtet.<br \/>\nDie Deutschschweiz (Bern oder Z\u00fcrich) folgt auf die Romandie.<\/p>\n<p>Nach der Bahn EM 2015 (Grenchen), der Mountainbike WM (Lenzerheide) und der bevorstehenden Querfeldein (Cross, Gravel) WM 2020 (D\u00fcbendorf) darf das Heimatland der UCI (Aigle) wiederholt Radsport ausrichten.<br \/>\nZu erw\u00e4hnen gelten die letzten Strassenrad WM`s bei den Eidgenossen: 2009 Mendrisio und 1996 Lugano.<\/p>\n<p>Also, zieht euch warm an&#8230; f\u00fcr die Bike WM im Jahre 20xx in Tirol \ud83d\ude42<\/p>\n<p>(warum eigentlich nicht.. die letzte MTB Downhill WM war im Pinzgau), au ja!<\/p>\n<p>Sag an, da lacht nicht nur der Sagan&#8230;<\/p>\n<p><img decoding=\"async\" class=\"alignnone wp-image-1864 size-medium\" src=\"https:\/\/dr-rad.at\/tirol\/wp-content\/uploads\/2018\/10\/20181001_195311-149x300.jpg\" alt=\"\" width=\"149\" height=\"300\" srcset=\"https:\/\/dr-rad.at\/tirol\/wp-content\/uploads\/2018\/10\/20181001_195311-149x300.jpg 149w, https:\/\/dr-rad.at\/tirol\/wp-content\/uploads\/2018\/10\/20181001_195311.jpg 444w\" sizes=\"(max-width: 149px) 100vw, 149px\" \/><\/p>\n","protected":false},"excerpt":{"rendered":"<p>Innsbruck ist frische aber sch\u00f6ne Geschichte, Yorkshire ist n\u00e4chstes Jahr UCI Rad WM Ausrichter. Danach ist die Schweiz dran. Als WM-Gastgeber 2020 ist die sch\u00f6ne Schweiz aber auch gleich f\u00fcr 2024 verpflichtet. Die Deutschschweiz (Bern oder Z\u00fcrich) folgt auf die Romandie. Nach der Bahn EM 2015 (Grenchen), der Mountainbike WM (Lenzerheide) und der bevorstehenden Querfeldein [&hellip;]<\/p>\n","protected":false},"author":2,"featured_media":0,"comment_status":"closed","ping_status":"closed","sticky":false,"template":"","format":"standard","meta":{"_et_pb_use_builder":"","_et_pb_old_content":"","_et_gb_content_width":"","footnotes":""},"categories":[204],"tags":[],"class_list":["post-1858","post","type-post","status-publish","format-standard","hentry","category-wm"],"_links":{"self":[{"href":"https:\/\/dr-rad.at\/tirol\/wp-json\/wp\/v2\/posts\/1858","targetHints":{"allow":["GET"]}}],"collection":[{"href":"https:\/\/dr-rad.at\/tirol\/wp-json\/wp\/v2\/posts"}],"about":[{"href":"https:\/\/dr-rad.at\/tirol\/wp-json\/wp\/v2\/types\/post"}],"author":[{"embeddable":true,"href":"https:\/\/dr-rad.at\/tirol\/wp-json\/wp\/v2\/users\/2"}],"replies":[{"embeddable":true,"href":"https:\/\/dr-rad.at\/tirol\/wp-json\/wp\/v2\/comments?post=1858"}],"version-history":[{"count":0,"href":"https:\/\/dr-rad.at\/tirol\/wp-json\/wp\/v2\/posts\/1858\/revisions"}],"wp:attachment":[{"href":"https:\/\/dr-rad.at\/tirol\/wp-json\/wp\/v2\/media?parent=1858"}],"wp:term":[{"taxonomy":"category","embeddable":true,"href":"https:\/\/dr-rad.at\/tirol\/wp-json\/wp\/v2\/categories?post=1858"},{"taxonomy":"post_tag","embeddable":true,"href":"https:\/\/dr-rad.at\/tirol\/wp-json\/wp\/v2\/tags?post=1858"}],"curies":[{"name":"wp","href":"https:\/\/api.w.org\/{rel}","templated":true}]}}