{"id":1830,"date":"2018-09-26T16:49:47","date_gmt":"2018-09-26T16:49:47","guid":{"rendered":"http:\/\/dr-rad.at\/tirol\/?p=1830"},"modified":"2019-07-29T06:22:10","modified_gmt":"2019-07-29T06:22:10","slug":"rad-wm-zwischenbilanz","status":"publish","type":"post","link":"https:\/\/dr-rad.at\/tirol\/rad-wm-zwischenbilanz\/","title":{"rendered":"Rad WM Zwischenbilanz"},"content":{"rendered":"<div dir=\"ltr\">\n<div class=\"quoted-text\">\n<div>\n<div>\n<div>\n<div>\n<div>\n<div>\n<p><a href=\"https:\/\/dr-rad.at\/tirol\/wp-content\/uploads\/2018\/09\/MOV_SM_P960F_20180926162129_000007.jpg\"><img decoding=\"async\" class=\"alignnone size-medium wp-image-1837\" src=\"https:\/\/dr-rad.at\/tirol\/wp-content\/uploads\/2018\/09\/MOV_SM_P960F_20180926162129_000007-300x169.jpg\" alt=\"\" width=\"300\" height=\"169\" \/><\/a><\/p>\n<p><a href=\"https:\/\/dr-rad.at\/tirol\/wp-content\/uploads\/2018\/09\/MOV_SM_P960F_20180926162228_000000.jpg\"><img decoding=\"async\" class=\"alignnone size-medium wp-image-1838\" src=\"https:\/\/dr-rad.at\/tirol\/wp-content\/uploads\/2018\/09\/MOV_SM_P960F_20180926162228_000000-300x169.jpg\" alt=\"\" width=\"300\" height=\"169\" \/><\/a><\/p>\n<p>Harmonischer Auftakt zur Rad WM Woche.<\/p>\n<\/div>\n<p>Fast schon quasi Halbzeit bei der Rad WM. Das Vorspiel ist absolviert und offensichtlich gut gegl\u00fcckt. Einerseits spiel das Wetter mit (frisch herbstlich aber trocken bis gewaltig sonnig) andererseits haben sich die Streckensperren als nicht so dramatisch erwiesen, so wie sie es dem Tiroler Publikum mindestens zutr\u00e4glich sind.<\/p>\n<\/div>\n<div>Und vor allem stehen die sportlichen Leistungen \u00fcber allem. Der Sport vermag den gr\u00f6\u00dften Kritiker zu \u00fcberzeugen. Und der einheimische Radsport Fan l\u00e4sst sich solch ein einzigartiges Ereignis nicht nehmen. Tour Stimmung am Streckenrand und die meisten reisen selbst per Rad an. So darf Spitzensport zelebriert werden!<\/div>\n<div><\/div>\n<p>Schulkinder die geschlossen mit der Klasse an die Strecken kommen, Kinder die auch Begleitfahrzeuge und Polszisten auf Motorr\u00e4dern anfeuern, diese honorieren dies mit einem Daumen hoch. Thumbs up!<\/p>\n<\/div>\n<p>Pater Franz, der die Rad WM n\u00fctzt um seine Mission ganz modern per Videobotschaft zu verk\u00fcnden.<\/p>\n<\/div>\n<p>Ordnungsh\u00fcter und Exekutive die proaktiv und freundlich das Gelage \u00fcber sich ergehen lassen.<\/p>\n<\/div>\n<p>Sportliche H\u00f6chstleistungen, fotografische Adleraugen die sich in der Botanik an die besten Spots heranpirschen, adjustierte Fangruppen die Stimmung machen, die Sonne die nochmals Sommer spielt etc. etc. etc.<\/p>\n<\/div>\n<\/div>\n<p>Der sportliche Ehrgeiz gewinnt das Rennen gegen\u00fcber der negativen Stimmung im Land.<\/p>\n<\/div>\n<div dir=\"ltr\"><\/div>\n<div dir=\"ltr\">R\u00fcckblick:<\/div>\n<div dir=\"ltr\">Das sture Tiroler Volk (ich bin selbst einer) hat sich im Vorfeld als wenig kulant bis konservativ ablehnend erwiesen.<\/div>\n<div dir=\"ltr\">Die Einschr\u00e4nkungen bei solch einem Grossereigniss, die naturgem\u00e4\u00df stattfinden empfindet der Tiroler als h\u00f6chst unfair und niederschmetternd.<\/div>\n<div dir=\"ltr\">Offen an die Sache heranzugehen und sich dabei sogar Unterhaltung vom Feinsten zum Nulltarif abzuholen dominiert vor dem zizerlweisen Herauspicken von Abweichungen des gewohnten Alltagsleben.<\/div>\n<div dir=\"ltr\">Vorausschau:<\/div>\n<div dir=\"ltr\">Bislang ist nichts gr\u00f6beres passiert und es hat sich die Stimmung sogar, wie erw\u00e4hnt umgedreht.<\/div>\n<div dir=\"ltr\">Die nicht minder herausfordernden kommenden Tage werden alle \u00fcberleben und vielleicht kann man dem Rad auch etwas positives abgewinnen.<\/div>\n<div dir=\"ltr\">Auch der nicht Fahrrad Fahrer.<\/div>\n<div dir=\"ltr\">Allez!<\/div>\n","protected":false},"excerpt":{"rendered":"<p>Harmonischer Auftakt zur Rad WM Woche. Fast schon quasi Halbzeit bei der Rad WM. Das Vorspiel ist absolviert und offensichtlich gut gegl\u00fcckt. Einerseits spiel das Wetter mit (frisch herbstlich aber trocken bis gewaltig sonnig) andererseits haben sich die Streckensperren als nicht so dramatisch erwiesen, so wie sie es dem Tiroler Publikum mindestens zutr\u00e4glich sind. Und [&hellip;]<\/p>\n","protected":false},"author":2,"featured_media":0,"comment_status":"closed","ping_status":"closed","sticky":false,"template":"","format":"standard","meta":{"_et_pb_use_builder":"","_et_pb_old_content":"","_et_gb_content_width":"","footnotes":""},"categories":[98,122,204,208],"tags":[],"class_list":["post-1830","post","type-post","status-publish","format-standard","hentry","category-radsport","category-veranstaltung","category-wm","category-zuschauer"],"_links":{"self":[{"href":"https:\/\/dr-rad.at\/tirol\/wp-json\/wp\/v2\/posts\/1830","targetHints":{"allow":["GET"]}}],"collection":[{"href":"https:\/\/dr-rad.at\/tirol\/wp-json\/wp\/v2\/posts"}],"about":[{"href":"https:\/\/dr-rad.at\/tirol\/wp-json\/wp\/v2\/types\/post"}],"author":[{"embeddable":true,"href":"https:\/\/dr-rad.at\/tirol\/wp-json\/wp\/v2\/users\/2"}],"replies":[{"embeddable":true,"href":"https:\/\/dr-rad.at\/tirol\/wp-json\/wp\/v2\/comments?post=1830"}],"version-history":[{"count":0,"href":"https:\/\/dr-rad.at\/tirol\/wp-json\/wp\/v2\/posts\/1830\/revisions"}],"wp:attachment":[{"href":"https:\/\/dr-rad.at\/tirol\/wp-json\/wp\/v2\/media?parent=1830"}],"wp:term":[{"taxonomy":"category","embeddable":true,"href":"https:\/\/dr-rad.at\/tirol\/wp-json\/wp\/v2\/categories?post=1830"},{"taxonomy":"post_tag","embeddable":true,"href":"https:\/\/dr-rad.at\/tirol\/wp-json\/wp\/v2\/tags?post=1830"}],"curies":[{"name":"wp","href":"https:\/\/api.w.org\/{rel}","templated":true}]}}