{"id":1784,"date":"2018-09-11T14:36:49","date_gmt":"2018-09-11T14:36:49","guid":{"rendered":"http:\/\/dr-rad.at\/tirol\/?p=1784"},"modified":"2019-07-29T06:22:11","modified_gmt":"2019-07-29T06:22:11","slug":"kader-wm-starter","status":"publish","type":"post","link":"https:\/\/dr-rad.at\/tirol\/kader-wm-starter\/","title":{"rendered":"Kader der \u00d6sterreichischen WM Starter"},"content":{"rendered":"<p>Der \u00d6sterreichische Radsport-Verband hat die Profis f\u00fcr das Elite-Herrenrennen und Einzelzeitfahren nominiert. Bundestrainer Franz Hartl, zu meiner aktiven Rennsportzeit noch mein Junioren Nationalteam-Trainer hat diesmal den Luxus der grossen Auswahl.<\/p>\n<p>Vier Ober\u00f6sterreicher, zwei Nieder\u00f6sterreicher ein Steirer und ein Vorarlberger stellen die Fix- Mannschaft dar.<\/p>\n<p>Die Zahlenkombi 258,5:4670 werden sich Kapit\u00e4n Patrick Konrad, Sohn vom Wien-Marathon Veranstalter) sowie Felix Gro\u00dfschartner, Gregor M\u00fchlberger und Lukas P\u00f6stlberger (Bora-hansgrohe) gut merken.<\/p>\n<p>Mit Michael Gogl (Trek-Segafredo) und Georg Preidler (Groupama-FDJ) ist das Team Tiroler-los. Beim 52,5 Kilometer langen und 654 m hohen Einzelzeitfahren d\u00fcrfen Georg Preidler und Matthias Br\u00e4ndle (Trek-Segafredo) fest in die Pedale treten. Hermann Pernsteiner (Bahrain-Merida) ist 1. Ersatzfahrer, Stefan Denifl (ehem. Aquablue Sports) als 2. und Riccardo Zoidl (Felbermayr Simplon Wels) 3. Ersatzfahrer<\/p>\n","protected":false},"excerpt":{"rendered":"<p>Der \u00d6sterreichische Radsport-Verband hat die Profis f\u00fcr das Elite-Herrenrennen und Einzelzeitfahren nominiert. Bundestrainer Franz Hartl, zu meiner aktiven Rennsportzeit noch mein Junioren Nationalteam-Trainer hat diesmal den Luxus der grossen Auswahl. Vier Ober\u00f6sterreicher, zwei Nieder\u00f6sterreicher ein Steirer und ein Vorarlberger stellen die Fix- Mannschaft dar. Die Zahlenkombi 258,5:4670 werden sich Kapit\u00e4n Patrick Konrad, Sohn vom Wien-Marathon [&hellip;]<\/p>\n","protected":false},"author":2,"featured_media":0,"comment_status":"closed","ping_status":"closed","sticky":false,"template":"","format":"standard","meta":{"_et_pb_use_builder":"","_et_pb_old_content":"","_et_gb_content_width":"","footnotes":""},"categories":[202],"tags":[],"class_list":["post-1784","post","type-post","status-publish","format-standard","hentry","category-kader"],"_links":{"self":[{"href":"https:\/\/dr-rad.at\/tirol\/wp-json\/wp\/v2\/posts\/1784","targetHints":{"allow":["GET"]}}],"collection":[{"href":"https:\/\/dr-rad.at\/tirol\/wp-json\/wp\/v2\/posts"}],"about":[{"href":"https:\/\/dr-rad.at\/tirol\/wp-json\/wp\/v2\/types\/post"}],"author":[{"embeddable":true,"href":"https:\/\/dr-rad.at\/tirol\/wp-json\/wp\/v2\/users\/2"}],"replies":[{"embeddable":true,"href":"https:\/\/dr-rad.at\/tirol\/wp-json\/wp\/v2\/comments?post=1784"}],"version-history":[{"count":0,"href":"https:\/\/dr-rad.at\/tirol\/wp-json\/wp\/v2\/posts\/1784\/revisions"}],"wp:attachment":[{"href":"https:\/\/dr-rad.at\/tirol\/wp-json\/wp\/v2\/media?parent=1784"}],"wp:term":[{"taxonomy":"category","embeddable":true,"href":"https:\/\/dr-rad.at\/tirol\/wp-json\/wp\/v2\/categories?post=1784"},{"taxonomy":"post_tag","embeddable":true,"href":"https:\/\/dr-rad.at\/tirol\/wp-json\/wp\/v2\/tags?post=1784"}],"curies":[{"name":"wp","href":"https:\/\/api.w.org\/{rel}","templated":true}]}}