{"id":1767,"date":"2018-09-07T07:10:55","date_gmt":"2018-09-07T07:10:55","guid":{"rendered":"http:\/\/dr-rad.at\/tirol\/?p=1767"},"modified":"2019-07-29T06:22:11","modified_gmt":"2019-07-29T06:22:11","slug":"luxemburgischer-kader","status":"publish","type":"post","link":"https:\/\/dr-rad.at\/tirol\/luxemburgischer-kader\/","title":{"rendered":"Luxemburgischer Kader"},"content":{"rendered":"<p>Die FSCL kann traditionsgem\u00e4\u00df aus guten Fahrern w\u00e4hlen, denn Luxemburg schreibt den Radsport schon immer gro\u00df.<\/p>\n<p>Bei der Elite werden sechs Fahrer an den Start gehen: Kapit\u00e4n Bob Jungels, Laurent Didier, Jempy Drucker, Ben Gastauer, Alex Kirsch und Tom Wirtgen. Reserve: Ga\u00ebtan Pons und Jan Petelin.<\/p>\n<p>Bei den Damen werden Christine Majerus, Claire Faber und Anne-Sophie Harsch in Innsbruck aufkreuzen.<\/p>\n<p>Juniorinnen: Nina Berton,<\/p>\n<p>Junioren: Arthur Kluckers und Gilles Kirsch.<\/p>\n<p>U23 in Luxemburg Espoirs genannt: Pit Leyder, Kevin Geniets, Michel Ries und Luc Wirtgen.<\/p>\n<blockquote>\n<p id=\"tw-target-text\" class=\"tw-data-text tw-ta tw-text-large\" data-placeholder=\"\u00dcbersetzung\"><span lang=\"lb\">Dir goen! &#8211; Auf gehts!<\/span><\/p>\n<\/blockquote>\n","protected":false},"excerpt":{"rendered":"<p>Die FSCL kann traditionsgem\u00e4\u00df aus guten Fahrern w\u00e4hlen, denn Luxemburg schreibt den Radsport schon immer gro\u00df. Bei der Elite werden sechs Fahrer an den Start gehen: Kapit\u00e4n Bob Jungels, Laurent Didier, Jempy Drucker, Ben Gastauer, Alex Kirsch und Tom Wirtgen. Reserve: Ga\u00ebtan Pons und Jan Petelin. Bei den Damen werden Christine Majerus, Claire Faber und [&hellip;]<\/p>\n","protected":false},"author":2,"featured_media":0,"comment_status":"closed","ping_status":"closed","sticky":false,"template":"","format":"standard","meta":{"_et_pb_use_builder":"","_et_pb_old_content":"","_et_gb_content_width":"","footnotes":""},"categories":[202],"tags":[],"class_list":["post-1767","post","type-post","status-publish","format-standard","hentry","category-kader"],"_links":{"self":[{"href":"https:\/\/dr-rad.at\/tirol\/wp-json\/wp\/v2\/posts\/1767","targetHints":{"allow":["GET"]}}],"collection":[{"href":"https:\/\/dr-rad.at\/tirol\/wp-json\/wp\/v2\/posts"}],"about":[{"href":"https:\/\/dr-rad.at\/tirol\/wp-json\/wp\/v2\/types\/post"}],"author":[{"embeddable":true,"href":"https:\/\/dr-rad.at\/tirol\/wp-json\/wp\/v2\/users\/2"}],"replies":[{"embeddable":true,"href":"https:\/\/dr-rad.at\/tirol\/wp-json\/wp\/v2\/comments?post=1767"}],"version-history":[{"count":0,"href":"https:\/\/dr-rad.at\/tirol\/wp-json\/wp\/v2\/posts\/1767\/revisions"}],"wp:attachment":[{"href":"https:\/\/dr-rad.at\/tirol\/wp-json\/wp\/v2\/media?parent=1767"}],"wp:term":[{"taxonomy":"category","embeddable":true,"href":"https:\/\/dr-rad.at\/tirol\/wp-json\/wp\/v2\/categories?post=1767"},{"taxonomy":"post_tag","embeddable":true,"href":"https:\/\/dr-rad.at\/tirol\/wp-json\/wp\/v2\/tags?post=1767"}],"curies":[{"name":"wp","href":"https:\/\/api.w.org\/{rel}","templated":true}]}}