{"id":1754,"date":"2018-09-04T06:45:08","date_gmt":"2018-09-04T06:45:08","guid":{"rendered":"http:\/\/dr-rad.at\/tirol\/?p=1754"},"modified":"2019-07-29T06:22:11","modified_gmt":"2019-07-29T06:22:11","slug":"strassensperren-waehrend-der-wm","status":"publish","type":"post","link":"https:\/\/dr-rad.at\/tirol\/strassensperren-waehrend-der-wm\/","title":{"rendered":"Strassensperren w\u00e4hrend der WM"},"content":{"rendered":"<div class=\"fixed-header\"><a href=\"https:\/\/dr-rad.at\/tirol\/wp-content\/uploads\/2018\/09\/20180903_215208.jpg\"><img decoding=\"async\" class=\"alignnone size-medium wp-image-1757\" src=\"https:\/\/dr-rad.at\/tirol\/wp-content\/uploads\/2018\/09\/20180903_215208-289x300.jpg\" alt=\"\" width=\"289\" height=\"300\" srcset=\"https:\/\/dr-rad.at\/tirol\/wp-content\/uploads\/2018\/09\/20180903_215208-289x300.jpg 289w, https:\/\/dr-rad.at\/tirol\/wp-content\/uploads\/2018\/09\/20180903_215208.jpg 720w\" sizes=\"(max-width: 289px) 100vw, 289px\" \/><\/a><\/div>\n<div><\/div>\n<div class=\"fixed-header\">Zwischen 22. und 30. September erschweren Einschr\u00e4nkungen das t\u00e4gliche Leben. Der Appell lautet sich zu informieren, mit den zu Verf\u00fcgung gestellten und bereits langfristig abholbereiten Daten.<\/div>\n<div class=\"main-content\">\n<div class=\"row article\">\n<div class=\"col s12\">\n<div class=\"row\">\n<div class=\"col s12 content-row\" data-io-article-url=\"http:\/\/m.tt.com\/home\/14765055-91\/stra%C3%9Fensperren-%C3%B6ffis-und-co.-die-rad-wm-betrifft-alle-tiroler.csp\">\n<div>\n<div>\n<div class=\"tt-google-dfp-container\">\n<div class=\"container-1\">\n<div class=\"container-2\">Nicht notwendige Fahrten vermeiden und Einschr\u00e4nkungen mit Verst\u00e4ndnis begegnen, heisst es f\u00fcr die Innsbrucker, Haller und alle im Umland befindlichen Gemeinden.<\/div>\n<\/div>\n<\/div>\n<\/div>\n<\/div>\n<div>\n<p class=\"WEB_Zwiti\">Die meisten Sperren werden zwischen zwei bis drei Stunden dauern, mit Ausnahme des Herren-Elite-Rennen am 30. September. Hier werde es zu Sperren von bis zu sechs Stunden.<\/p>\n<p class=\"WEB_Zwiti\">Eine Gratis-App sowie eine Hotline unter 059\/133704446 hat die Exekutive eingerichtet.<\/p>\n<\/div>\n<div>\n<div class=\"infobox box inline inline_element factbox\">\n<div class=\"infobox box inline inline_element factbox\">\n<div class=\"WE_FactGrundtext\">\n<ul>\n<li>Polizei-App (oder BMI Sicherheitsapplikation im App-Store)<\/li>\n<li>Polizei-WM-Hotline: +43 59133 70 4446 (von 21.9. bis 30.9)<\/li>\n<\/ul>\n<\/div>\n<\/div>\n<\/div>\n<\/div>\n<div>\n<div>\n<p class=\"WEB_Zwiti\">Mit den \u00d6ffis sind Innsbrucker Stadtteile teilweise nicht erreichbar und Haltestellen ver\u00e4ndert.<\/p>\n<\/div>\n<\/div>\n<div>\n<div class=\"infobox box inline inline_element factbox\">\n<div class=\"infobox box inline inline_element factbox\">\n<p>Die IVB informiert unter<br \/>\n<a href=\"http:\/\/www.ivb.at\/\">www.ivb.at<\/a>\u00a0und\u00a0<a href=\"https:\/\/fahrplan.ivb.at\/\" target=\"_blank\" rel=\"noopener\">fahrplan.ivb.at<br \/>\n<\/a>Telefon: +43 512 5307 600<br \/>\nderzeit: Mo &#8211; Fr von 7.30 bis 18 Uhr<br \/>\nab 10.9.: Mo &#8211; Fr von 7 bis 21 Uhr<br \/>\nab 20.9.: t\u00e4glich von 7 bis 21 Uhr<\/p>\n<p><strong><br \/>\n<\/strong>Der Verkehrs Verbund Tirol unter der VVT SmartRide App und<br \/>\n<a href=\"http:\/\/www.vvt.at\/rad-wm\" target=\"_blank\" rel=\"noopener\">www.vvt.at\/rad-wm<\/a>\u00a0sowie\u00a0<a href=\"https:\/\/fahrplan.vvt.at\/\" target=\"_blank\" rel=\"noopener\">fahrplan.vvt.at<br \/>\n<\/a>Tel: +43 512 56 16 16<br \/>\nderzeit: Mo &#8211; Fr 8 bis 12 Uhr \/ 13:30 bis 17:30 Uhr<br \/>\nab 20.9.: t\u00e4glich 7 bis 19 Uhr<\/p>\n<p><strong><br \/>\n<\/strong>Und der Autofahrerclub \u00d6AMTC mit seiner App oder im Web:\u00a0<a href=\"https:\/\/maps.oeamtc.at\/bin\/query.exe\/dn?L=vs_oeamtc\" target=\"_blank\" rel=\"noopener\">maps.oeamtc.at<\/a><\/p>\n<div class=\"WE_FactGrundtext\"><\/div>\n<\/div>\n<\/div>\n<\/div>\n<div>\n<div>\n<p class=\"TT11_Grund1\">Info Abende, ein WM-Ratgeberheft und Postwurfsendungen werden sensibilisieren.<\/p>\n<\/div>\n<\/div>\n<div>\n<p class=\"TT11_Grund1\">Vom \u00d6tztal bis Kufstein sind mehrere Stra\u00dfensperren zu erwarten, die Inntal- und der Brennerautobahn (A12 und A13) wird es zu keinen Einschr\u00e4nkungen kommen. Einzelne Auf- und Abfahrten sind w\u00e4hrend der Rennen in beide Richtungen aber gesperrt.<\/p>\n<p>&nbsp;<\/p>\n<p class=\"TT11_Grund1\">Der Zielbereich am Rennweg in Innsbruck und die Startbereiche werden durch das Zuschauerinteresse stark frequentiert.<\/p>\n<\/div>\n<div>\n<p class=\"TT11_Grund1\">Das Mannschaftszeitfahren der Herren und Damen, am 22. und 23. September wird zu Sperren zwischen der Area 47 im \u00d6tztal und Innsbruck f\u00fchren.<\/p>\n<p class=\"TT11_Grund1\">Wattens bis Innsbruck wird am 24. und 25. September betroffen sein, am 26. und 27. September zwischen Rattenberg und Innsbruck.<\/p>\n<\/div>\n<div>\n<div>\n<p class=\"TT11_Grund1\">In Innsbruck ist das Herzog-Otto-Ufer \u00fcber die gesamte Dauer der WM gesperrt. Ab 24. bis 30.\u00a0 sind Arzler-Stra\u00dfe und Anton-Rauch-Stra\u00dfe, Kranebitter Allee, H\u00f6ttinger Au zum Hohen Weg.<\/p>\n<p class=\"TT11_Grund1\">Der Rundkurs Innsbruch, Aldrans, Lans, Patsch und Igls, sowie Teile der Innsbrucker Innenstadt, Maria-Theresien-Stra\u00dfe bis Goldenes Dachl, rund ums Tivoli und Europabr\u00fccke werden zu sein.<\/p>\n<\/div>\n<\/div>\n<div>\n<div>\n<p class=\"TT11_Grund1\">Am 30.09. H\u00f6tting bis \u201eH\u00f6ll&#8220; auf die Hungerburg \u00fcber die H\u00f6henstra\u00dfe zur H\u00f6ttinger Kirche.<\/p>\n<p>Weitere Infos:<\/p>\n<p><a href=\"https:\/\/www.innsbruck-tirol2018.com\/\" target=\"_blank\" rel=\"noopener\">innsbruck-tirol2018.com<\/a><a href=\"https:\/\/www.innsbruck-tirol2018.com\/\">innsbruck-tirol2018.com<\/a><\/p>\n<\/div>\n<\/div>\n<div>\n<div class=\"infobox box inline inline_element factbox\">\n<div class=\"infobox box inline inline_element factbox\">\n<p><a href=\"https:\/\/www.innsbruck-tirol2018.com\/verkehrsinfo\/\" target=\"_blank\" rel=\"noopener\">innsbruck-tirol2018.com\/verkehrsinfo<\/a><\/p>\n<p><a href=\"https:\/\/www.innsbruck-tirol2018.com\/bevoelkerungsinfo\/\" target=\"_blank\" rel=\"noopener\">innsbruck-tirol2018.com\/bevoelkerungsinfo<\/a><\/p>\n<p><a href=\"https:\/\/www.innsbruck-tirol2018.com\/infoabende\/\" target=\"_blank\" rel=\"noopener\">innsbruck-tirol2018.com\/infoabende<\/a><\/p>\n<div><\/div>\n<div><strong>Infost\u00e4nde in Innsbruck:<br \/>\n<\/strong>Hauptbahnhof, Rathaus Galerien, Sillpark, Wiltener Platzl, Kaufhaus Tyrol<\/div>\n<\/div>\n<\/div>\n<\/div>\n<\/div>\n<\/div>\n<\/div>\n<\/div>\n<\/div>\n<div id=\"footer\">\n<div class=\"item grid_6\">\n<div class=\"item grid_4\">\n<div class=\"subcategory\"><\/div>\n<\/div>\n<div class=\"item grid_4\">\n<div class=\"subcategory\"><\/div>\n<div class=\"subcategory\"><\/div>\n<\/div>\n<div class=\"item grid_4\">\n<div class=\"subcategory\"><\/div>\n<\/div>\n<\/div>\n<\/div>\n","protected":false},"excerpt":{"rendered":"<p>Zwischen 22. und 30. September erschweren Einschr\u00e4nkungen das t\u00e4gliche Leben. Der Appell lautet sich zu informieren, mit den zu Verf\u00fcgung gestellten und bereits langfristig abholbereiten Daten. Nicht notwendige Fahrten vermeiden und Einschr\u00e4nkungen mit Verst\u00e4ndnis begegnen, heisst es f\u00fcr die Innsbrucker, Haller und alle im Umland befindlichen Gemeinden. Die meisten Sperren werden zwischen zwei bis drei [&hellip;]<\/p>\n","protected":false},"author":2,"featured_media":0,"comment_status":"closed","ping_status":"closed","sticky":false,"template":"","format":"standard","meta":{"_et_pb_use_builder":"","_et_pb_old_content":"","_et_gb_content_width":"","footnotes":""},"categories":[86,98,204],"tags":[],"class_list":["post-1754","post","type-post","status-publish","format-standard","hentry","category-blog","category-radsport","category-wm"],"_links":{"self":[{"href":"https:\/\/dr-rad.at\/tirol\/wp-json\/wp\/v2\/posts\/1754","targetHints":{"allow":["GET"]}}],"collection":[{"href":"https:\/\/dr-rad.at\/tirol\/wp-json\/wp\/v2\/posts"}],"about":[{"href":"https:\/\/dr-rad.at\/tirol\/wp-json\/wp\/v2\/types\/post"}],"author":[{"embeddable":true,"href":"https:\/\/dr-rad.at\/tirol\/wp-json\/wp\/v2\/users\/2"}],"replies":[{"embeddable":true,"href":"https:\/\/dr-rad.at\/tirol\/wp-json\/wp\/v2\/comments?post=1754"}],"version-history":[{"count":0,"href":"https:\/\/dr-rad.at\/tirol\/wp-json\/wp\/v2\/posts\/1754\/revisions"}],"wp:attachment":[{"href":"https:\/\/dr-rad.at\/tirol\/wp-json\/wp\/v2\/media?parent=1754"}],"wp:term":[{"taxonomy":"category","embeddable":true,"href":"https:\/\/dr-rad.at\/tirol\/wp-json\/wp\/v2\/categories?post=1754"},{"taxonomy":"post_tag","embeddable":true,"href":"https:\/\/dr-rad.at\/tirol\/wp-json\/wp\/v2\/tags?post=1754"}],"curies":[{"name":"wp","href":"https:\/\/api.w.org\/{rel}","templated":true}]}}