{"id":1737,"date":"2018-08-24T12:01:37","date_gmt":"2018-08-24T12:01:37","guid":{"rendered":"http:\/\/dr-rad.at\/tirol\/?p=1737"},"modified":"2019-07-29T06:22:11","modified_gmt":"2019-07-29T06:22:11","slug":"wm-rahmenprogramm","status":"publish","type":"post","link":"https:\/\/dr-rad.at\/tirol\/wm-rahmenprogramm\/","title":{"rendered":"WM Rahmenprogramm"},"content":{"rendered":"<p class=\"ng-binding ng-scope\" data-ng-if=\"item.title\" data-ng-bind=\"item.title\">Das Festprogramm steht fest.<\/p>\n<p class=\"ng-binding ng-scope\" data-ng-if=\"item.title\" data-ng-bind=\"item.title\">Bei der Kletter WM eine Woche zuvor, ebenfalls in Innsbruck wird Fritz Kalkbrenner seines zum Besten geben.<\/p>\n<p data-ng-if=\"item.title\" data-ng-bind=\"item.title\">Nomen est omen werden DJ\u00a0Felix Jaehn und M\u00f6we bei der Rad WM einheizen.<\/p>\n<p data-ng-if=\"item.title\" data-ng-bind=\"item.title\">Am 23.09. wird Jaehn live im Rahmen eines \u00d63 Open Air WM Clubbings im Zielbereich der UCI Stra\u00dfenrad WM 2018 auflegen.<\/p>\n<p data-ng-if=\"item.title\" data-ng-bind=\"item.title\">Die Wiener Band M\u00f6we wird den Gig abrunden.<\/p>\n<div class=\"content ng-scope\" data-bind-html-compile=\"item.content\" data-ng-if=\"!item.needsInlineConsent\">\n<p class=\"ng-scope\">Desweiteren sind im Zielbereich der Rad WM folgende Musiker zu sehen:<\/p>\n<p class=\"ng-scope\">Seiler und Speer, Culcha Candela, LaBrassBanda, Zucchero Tribute Band, \u00d63 DJ In-style und Tyrol Music Project<\/p>\n<\/div>\n","protected":false},"excerpt":{"rendered":"<p>Das Festprogramm steht fest. Bei der Kletter WM eine Woche zuvor, ebenfalls in Innsbruck wird Fritz Kalkbrenner seines zum Besten geben. Nomen est omen werden DJ\u00a0Felix Jaehn und M\u00f6we bei der Rad WM einheizen. Am 23.09. wird Jaehn live im Rahmen eines \u00d63 Open Air WM Clubbings im Zielbereich der UCI Stra\u00dfenrad WM 2018 auflegen. [&hellip;]<\/p>\n","protected":false},"author":2,"featured_media":0,"comment_status":"closed","ping_status":"closed","sticky":false,"template":"","format":"standard","meta":{"_et_pb_use_builder":"","_et_pb_old_content":"","_et_gb_content_width":"","footnotes":""},"categories":[203],"tags":[],"class_list":["post-1737","post","type-post","status-publish","format-standard","hentry","category-rahmenprogramm"],"_links":{"self":[{"href":"https:\/\/dr-rad.at\/tirol\/wp-json\/wp\/v2\/posts\/1737","targetHints":{"allow":["GET"]}}],"collection":[{"href":"https:\/\/dr-rad.at\/tirol\/wp-json\/wp\/v2\/posts"}],"about":[{"href":"https:\/\/dr-rad.at\/tirol\/wp-json\/wp\/v2\/types\/post"}],"author":[{"embeddable":true,"href":"https:\/\/dr-rad.at\/tirol\/wp-json\/wp\/v2\/users\/2"}],"replies":[{"embeddable":true,"href":"https:\/\/dr-rad.at\/tirol\/wp-json\/wp\/v2\/comments?post=1737"}],"version-history":[{"count":0,"href":"https:\/\/dr-rad.at\/tirol\/wp-json\/wp\/v2\/posts\/1737\/revisions"}],"wp:attachment":[{"href":"https:\/\/dr-rad.at\/tirol\/wp-json\/wp\/v2\/media?parent=1737"}],"wp:term":[{"taxonomy":"category","embeddable":true,"href":"https:\/\/dr-rad.at\/tirol\/wp-json\/wp\/v2\/categories?post=1737"},{"taxonomy":"post_tag","embeddable":true,"href":"https:\/\/dr-rad.at\/tirol\/wp-json\/wp\/v2\/tags?post=1737"}],"curies":[{"name":"wp","href":"https:\/\/api.w.org\/{rel}","templated":true}]}}