{"id":1732,"date":"2018-08-23T11:00:25","date_gmt":"2018-08-23T11:00:25","guid":{"rendered":"http:\/\/dr-rad.at\/tirol\/?p=1732"},"modified":"2019-07-29T06:22:11","modified_gmt":"2019-07-29T06:22:11","slug":"deutscher-kader-fuer-die-wm","status":"publish","type":"post","link":"https:\/\/dr-rad.at\/tirol\/deutscher-kader-fuer-die-wm\/","title":{"rendered":"Deutscher Kader f\u00fcr die WM"},"content":{"rendered":"<div class=\"s1-ad s1-ad-mrec s1-ad-mrec\">\n<div id=\"mrecWrapper\" class=\"container\">\n<div id=\"mrec\" class=\"addelivered\">\n<div id=\"div_utif_mrec\"><a href=\"https:\/\/dr-rad.at\/tirol\/wp-content\/uploads\/2018\/08\/DkAW8AaX4AALGQX.jpeg\"><img decoding=\"async\" class=\"alignnone size-medium wp-image-1734\" src=\"https:\/\/dr-rad.at\/tirol\/wp-content\/uploads\/2018\/08\/DkAW8AaX4AALGQX-300x200.jpeg\" alt=\"\" width=\"300\" height=\"200\" srcset=\"https:\/\/dr-rad.at\/tirol\/wp-content\/uploads\/2018\/08\/DkAW8AaX4AALGQX-300x200.jpeg 300w, https:\/\/dr-rad.at\/tirol\/wp-content\/uploads\/2018\/08\/DkAW8AaX4AALGQX.jpeg 680w\" sizes=\"(max-width: 300px) 100vw, 300px\" \/><\/a><\/div>\n<\/div>\n<\/div>\n<\/div>\n<h2>Zw\u00f6lf Deutsche sind dabei<\/h2>\n<p data-kx=\"d3f11d00-49a3-477f-a5c0-414f4bdceaad\">Insgesamt nominierte der BDR erst einmal zw\u00f6lf Radprofis f\u00fcr die WM. F\u00fcrs Zeitfahren kommen neben \u00dcberraschung! Tony Martin, Nikias Arndt (Sunweb) und Maximilian Schachmann (Quick-Step Floors) in die Vorausscheidung.<\/p>\n<p data-kx=\"085947e3-769b-447b-9d39-5fc9bb6fe9f1\">Das sechsk\u00f6pfige Team f\u00fcr das Stra\u00dfenrennen kommt aus den Namen Emanuel Buchmann (Bora-hansgrohe), Marcus Burghardt, Christoph Pfingsten (beide Bora-hansgrohe), Nico Denz (AG2R), Johannes Fr\u00f6hlinger, Simon Geschke (beide Sunweb), Paul Martens (Lotto-NL Jumbo),\u00a0 Jasha S\u00fctterlin (Movistar) und der Cross-Spezialist Philip Walsleben (P&amp;S Team Th\u00fcringen).<\/p>\n<p data-kx=\"085947e3-769b-447b-9d39-5fc9bb6fe9f1\">Jetzt sind wir gespannt wie die Schweizer nominieren, dann sind die grossen Deutschsprachigen L\u00e4nder durch.<\/p>\n","protected":false},"excerpt":{"rendered":"<p>Zw\u00f6lf Deutsche sind dabei Insgesamt nominierte der BDR erst einmal zw\u00f6lf Radprofis f\u00fcr die WM. F\u00fcrs Zeitfahren kommen neben \u00dcberraschung! Tony Martin, Nikias Arndt (Sunweb) und Maximilian Schachmann (Quick-Step Floors) in die Vorausscheidung. Das sechsk\u00f6pfige Team f\u00fcr das Stra\u00dfenrennen kommt aus den Namen Emanuel Buchmann (Bora-hansgrohe), Marcus Burghardt, Christoph Pfingsten (beide Bora-hansgrohe), Nico Denz (AG2R), [&hellip;]<\/p>\n","protected":false},"author":2,"featured_media":0,"comment_status":"closed","ping_status":"closed","sticky":false,"template":"","format":"standard","meta":{"_et_pb_use_builder":"","_et_pb_old_content":"","_et_gb_content_width":"","footnotes":""},"categories":[202],"tags":[],"class_list":["post-1732","post","type-post","status-publish","format-standard","hentry","category-kader"],"_links":{"self":[{"href":"https:\/\/dr-rad.at\/tirol\/wp-json\/wp\/v2\/posts\/1732","targetHints":{"allow":["GET"]}}],"collection":[{"href":"https:\/\/dr-rad.at\/tirol\/wp-json\/wp\/v2\/posts"}],"about":[{"href":"https:\/\/dr-rad.at\/tirol\/wp-json\/wp\/v2\/types\/post"}],"author":[{"embeddable":true,"href":"https:\/\/dr-rad.at\/tirol\/wp-json\/wp\/v2\/users\/2"}],"replies":[{"embeddable":true,"href":"https:\/\/dr-rad.at\/tirol\/wp-json\/wp\/v2\/comments?post=1732"}],"version-history":[{"count":0,"href":"https:\/\/dr-rad.at\/tirol\/wp-json\/wp\/v2\/posts\/1732\/revisions"}],"wp:attachment":[{"href":"https:\/\/dr-rad.at\/tirol\/wp-json\/wp\/v2\/media?parent=1732"}],"wp:term":[{"taxonomy":"category","embeddable":true,"href":"https:\/\/dr-rad.at\/tirol\/wp-json\/wp\/v2\/categories?post=1732"},{"taxonomy":"post_tag","embeddable":true,"href":"https:\/\/dr-rad.at\/tirol\/wp-json\/wp\/v2\/tags?post=1732"}],"curies":[{"name":"wp","href":"https:\/\/api.w.org\/{rel}","templated":true}]}}