{"id":1725,"date":"2018-08-20T18:09:19","date_gmt":"2018-08-20T18:09:19","guid":{"rendered":"http:\/\/dr-rad.at\/tirol\/?p=1725"},"modified":"2019-07-29T06:22:11","modified_gmt":"2019-07-29T06:22:11","slug":"maria-theresienstrasse-innsbruck-radrennen","status":"publish","type":"post","link":"https:\/\/dr-rad.at\/tirol\/maria-theresienstrasse-innsbruck-radrennen\/","title":{"rendered":"Maria Theresienstrasse &#8211; Innsbruck &#8211; Radrennen"},"content":{"rendered":"<p>Auf Zwift , der virtuellen Trainingsplattform war es schon zu vermuten, aber am Computer ist bekanntlich alles m\u00f6glich. Seit die Ank\u00fcndigung entlang der Maria Theresienstrasse an den Strassenlampen wiederholt h\u00e4ngt ist es wirklich real. Die WM f\u00fchrt durch Innsbrucks Prachtstrasse!<\/p>\n<p>Auf dass der Statue nicht schwindlig wird, darf man sich auf high speed in der Fussg\u00e4ngerzone freuen.<\/p>\n","protected":false},"excerpt":{"rendered":"<p>Auf Zwift , der virtuellen Trainingsplattform war es schon zu vermuten, aber am Computer ist bekanntlich alles m\u00f6glich. Seit die Ank\u00fcndigung entlang der Maria Theresienstrasse an den Strassenlampen wiederholt h\u00e4ngt ist es wirklich real. Die WM f\u00fchrt durch Innsbrucks Prachtstrasse! Auf dass der Statue nicht schwindlig wird, darf man sich auf high speed in der [&hellip;]<\/p>\n","protected":false},"author":2,"featured_media":1726,"comment_status":"closed","ping_status":"closed","sticky":false,"template":"","format":"standard","meta":{"_et_pb_use_builder":"","_et_pb_old_content":"","_et_gb_content_width":"","footnotes":""},"categories":[165],"tags":[],"class_list":["post-1725","post","type-post","status-publish","format-standard","has-post-thumbnail","hentry","category-innsbruck"],"_links":{"self":[{"href":"https:\/\/dr-rad.at\/tirol\/wp-json\/wp\/v2\/posts\/1725","targetHints":{"allow":["GET"]}}],"collection":[{"href":"https:\/\/dr-rad.at\/tirol\/wp-json\/wp\/v2\/posts"}],"about":[{"href":"https:\/\/dr-rad.at\/tirol\/wp-json\/wp\/v2\/types\/post"}],"author":[{"embeddable":true,"href":"https:\/\/dr-rad.at\/tirol\/wp-json\/wp\/v2\/users\/2"}],"replies":[{"embeddable":true,"href":"https:\/\/dr-rad.at\/tirol\/wp-json\/wp\/v2\/comments?post=1725"}],"version-history":[{"count":0,"href":"https:\/\/dr-rad.at\/tirol\/wp-json\/wp\/v2\/posts\/1725\/revisions"}],"wp:featuredmedia":[{"embeddable":true,"href":"https:\/\/dr-rad.at\/tirol\/wp-json\/wp\/v2\/media\/1726"}],"wp:attachment":[{"href":"https:\/\/dr-rad.at\/tirol\/wp-json\/wp\/v2\/media?parent=1725"}],"wp:term":[{"taxonomy":"category","embeddable":true,"href":"https:\/\/dr-rad.at\/tirol\/wp-json\/wp\/v2\/categories?post=1725"},{"taxonomy":"post_tag","embeddable":true,"href":"https:\/\/dr-rad.at\/tirol\/wp-json\/wp\/v2\/tags?post=1725"}],"curies":[{"name":"wp","href":"https:\/\/api.w.org\/{rel}","templated":true}]}}