{"id":1666,"date":"2018-06-30T17:01:33","date_gmt":"2018-06-30T17:01:33","guid":{"rendered":"http:\/\/dr-rad.at\/tirol\/?p=1666"},"modified":"2019-07-29T06:22:11","modified_gmt":"2019-07-29T06:22:11","slug":"tannheimer-tal-radmarathon","status":"publish","type":"post","link":"https:\/\/dr-rad.at\/tirol\/tannheimer-tal-radmarathon\/","title":{"rendered":"Tannheimer Tal Radmarathon"},"content":{"rendered":"<div class=\"csc-header csc-header-n1\">\n<p><a href=\"https:\/\/dr-rad.at\/tirol\/wp-content\/uploads\/2018\/06\/logo-tannheimertal.png\"><img decoding=\"async\" class=\"alignnone size-full wp-image-1670\" src=\"https:\/\/dr-rad.at\/tirol\/wp-content\/uploads\/2018\/06\/logo-tannheimertal.png\" alt=\"\" width=\"234\" height=\"72\" \/><\/a><\/p>\n<p class=\"csc-firstHeader\">Der Tannheimer Tal Radmarathon am 1. Juli f\u00fchrt \u00fcber Deutschlands h\u00f6chste Passstra\u00dfe.<\/p>\n<\/div>\n<div class=\"csc-textpic-text\">\n<div class=\"csc-text\">\n<p>Aus vier Wettkampfdistanzen kann der ambitionierte Rennradfahrer w\u00e4hlen.<\/p>\n<p>Das sportliche Highlight der Rad-Saison im \u201esch\u00f6nsten Hochtal Europas&#8220;.<\/p>\n<p>Neben dem Wettkampf warten verschiedene Leistungsprofile auf der Radkarte auf insgesamt 2500 Kilometer.<\/p>\n<p>Ins Allg\u00e4u, an den Bodensee oder bis in die Alpen an den Arlberg geht es auf den Routen.<\/p>\n<p class=\"bodytext\">Mehr unter\u00a0<a title=\"Rad-Marathon Tannheimer Tal\" href=\"http:\/\/www.rad-marathon.at\/\" target=\"_blank\" rel=\"noopener\"><b>www.rad-marathon.at<\/b><\/a><\/p>\n<\/div>\n<\/div>\n","protected":false},"excerpt":{"rendered":"<p>Der Tannheimer Tal Radmarathon am 1. Juli f\u00fchrt \u00fcber Deutschlands h\u00f6chste Passstra\u00dfe. Aus vier Wettkampfdistanzen kann der ambitionierte Rennradfahrer w\u00e4hlen. Das sportliche Highlight der Rad-Saison im \u201esch\u00f6nsten Hochtal Europas&#8220;. Neben dem Wettkampf warten verschiedene Leistungsprofile auf der Radkarte auf insgesamt 2500 Kilometer. Ins Allg\u00e4u, an den Bodensee oder bis in die Alpen an den Arlberg [&hellip;]<\/p>\n","protected":false},"author":2,"featured_media":0,"comment_status":"closed","ping_status":"closed","sticky":false,"template":"","format":"standard","meta":{"_et_pb_use_builder":"","_et_pb_old_content":"","_et_gb_content_width":"","footnotes":""},"categories":[86],"tags":[],"class_list":["post-1666","post","type-post","status-publish","format-standard","hentry","category-blog"],"_links":{"self":[{"href":"https:\/\/dr-rad.at\/tirol\/wp-json\/wp\/v2\/posts\/1666","targetHints":{"allow":["GET"]}}],"collection":[{"href":"https:\/\/dr-rad.at\/tirol\/wp-json\/wp\/v2\/posts"}],"about":[{"href":"https:\/\/dr-rad.at\/tirol\/wp-json\/wp\/v2\/types\/post"}],"author":[{"embeddable":true,"href":"https:\/\/dr-rad.at\/tirol\/wp-json\/wp\/v2\/users\/2"}],"replies":[{"embeddable":true,"href":"https:\/\/dr-rad.at\/tirol\/wp-json\/wp\/v2\/comments?post=1666"}],"version-history":[{"count":0,"href":"https:\/\/dr-rad.at\/tirol\/wp-json\/wp\/v2\/posts\/1666\/revisions"}],"wp:attachment":[{"href":"https:\/\/dr-rad.at\/tirol\/wp-json\/wp\/v2\/media?parent=1666"}],"wp:term":[{"taxonomy":"category","embeddable":true,"href":"https:\/\/dr-rad.at\/tirol\/wp-json\/wp\/v2\/categories?post=1666"},{"taxonomy":"post_tag","embeddable":true,"href":"https:\/\/dr-rad.at\/tirol\/wp-json\/wp\/v2\/tags?post=1666"}],"curies":[{"name":"wp","href":"https:\/\/api.w.org\/{rel}","templated":true}]}}