{"id":1657,"date":"2018-06-28T05:10:34","date_gmt":"2018-06-28T05:10:34","guid":{"rendered":"http:\/\/dr-rad.at\/tirol\/?p=1657"},"modified":"2019-07-29T06:22:11","modified_gmt":"2019-07-29T06:22:11","slug":"finanz","status":"publish","type":"post","link":"https:\/\/dr-rad.at\/tirol\/finanz\/","title":{"rendered":"Vorschuss zur Rad WM Innsbruck &#8211; Tirol"},"content":{"rendered":"<div class=\"fixed-header\" style=\"text-align: left;\">Fehlende Gelder im Budget der Veranstaltung bewegen das Land zu einem finanziellen Vorschuss. F\u00fcr eine finanzielle Sicherheit, flie\u00dft von \u00f6ffentlicher Hand ein Blanko Scheck in der H\u00f6he von 3.000.000<\/div>\n<div class=\"main-content\">\n<div class=\"row article\">\n<div class=\"col s12\">\n<div class=\"row\">\n<div>Das Budget der anstehenden Stra\u00dfenrad-Weltmeisterschaft in Tirol (22.\u201330. September) bot zuletzt mehrmals Anlass f\u00fcr Diskussionen.<\/div>\n<div>13 Millionen Euro sind angesetzt, jedoch fehlen noch grob 1\/4.<\/div>\n<div>Um m\u00f6gliche Engp\u00e4sse in der Vorbereitung der Veranstaltung zu verhindern, gew\u00e4hrt das Land im Rahmen eines Regierungsbeschlusses einen Vorschuss.<\/div>\n<div>\u201eZur Bedeckung der laufenden Ausgaben\u201c. Im Verh\u00e4ltnis 60 (Land) : 40 (Stadt) greifen das Land Tirol und die Stadt Innsbruck in die Tasche.<\/div>\n<div>In der Hoffnung es m\u00f6ge beim veranschlagten Budget bleiben, bleibt nur der R\u00fcckblick ins vergangene Jahr nach Norwegen.<\/div>\n<div>Die dort ausgetragene Stra\u00dfenrad-WM hatte das WM-Budget von 16,5 Millionen Euro klar \u00fcberschritten.<\/div>\n<\/div>\n<\/div>\n<\/div>\n<\/div>\n","protected":false},"excerpt":{"rendered":"<p>Fehlende Gelder im Budget der Veranstaltung bewegen das Land zu einem finanziellen Vorschuss. F\u00fcr eine finanzielle Sicherheit, flie\u00dft von \u00f6ffentlicher Hand ein Blanko Scheck in der H\u00f6he von 3.000.000 Das Budget der anstehenden Stra\u00dfenrad-Weltmeisterschaft in Tirol (22.\u201330. September) bot zuletzt mehrmals Anlass f\u00fcr Diskussionen. 13 Millionen Euro sind angesetzt, jedoch fehlen noch grob 1\/4. Um [&hellip;]<\/p>\n","protected":false},"author":2,"featured_media":0,"comment_status":"closed","ping_status":"closed","sticky":false,"template":"","format":"standard","meta":{"_et_pb_use_builder":"","_et_pb_old_content":"","_et_gb_content_width":"","footnotes":""},"categories":[86],"tags":[],"class_list":["post-1657","post","type-post","status-publish","format-standard","hentry","category-blog"],"_links":{"self":[{"href":"https:\/\/dr-rad.at\/tirol\/wp-json\/wp\/v2\/posts\/1657","targetHints":{"allow":["GET"]}}],"collection":[{"href":"https:\/\/dr-rad.at\/tirol\/wp-json\/wp\/v2\/posts"}],"about":[{"href":"https:\/\/dr-rad.at\/tirol\/wp-json\/wp\/v2\/types\/post"}],"author":[{"embeddable":true,"href":"https:\/\/dr-rad.at\/tirol\/wp-json\/wp\/v2\/users\/2"}],"replies":[{"embeddable":true,"href":"https:\/\/dr-rad.at\/tirol\/wp-json\/wp\/v2\/comments?post=1657"}],"version-history":[{"count":0,"href":"https:\/\/dr-rad.at\/tirol\/wp-json\/wp\/v2\/posts\/1657\/revisions"}],"wp:attachment":[{"href":"https:\/\/dr-rad.at\/tirol\/wp-json\/wp\/v2\/media?parent=1657"}],"wp:term":[{"taxonomy":"category","embeddable":true,"href":"https:\/\/dr-rad.at\/tirol\/wp-json\/wp\/v2\/categories?post=1657"},{"taxonomy":"post_tag","embeddable":true,"href":"https:\/\/dr-rad.at\/tirol\/wp-json\/wp\/v2\/tags?post=1657"}],"curies":[{"name":"wp","href":"https:\/\/api.w.org\/{rel}","templated":true}]}}