{"id":1653,"date":"2018-06-27T17:57:04","date_gmt":"2018-06-27T17:57:04","guid":{"rendered":"http:\/\/dr-rad.at\/tirol\/?p=1653"},"modified":"2019-07-29T06:22:11","modified_gmt":"2019-07-29T06:22:11","slug":"bike-night-2018-von-bozen-nach-niederdorf","status":"publish","type":"post","link":"https:\/\/dr-rad.at\/tirol\/bike-night-2018-von-bozen-nach-niederdorf\/","title":{"rendered":"Bike Night 2018 von Bozen nach Niederdorf"},"content":{"rendered":"<div class=\"container-fluid\">\n<div class=\"row single_cont\">\n<div class=\"col-sm-12\">\n<p>Zum 5. Mal werden auf den sch\u00f6nsten Radrouten italienweit Bikenights durchgef\u00fchrt. Morgen Freitag, den 29. Juni in S\u00fcdtirol.<\/p>\n<p>Von Bozen nach Niederdorf.<\/p>\n<\/div>\n<\/div>\n<div class=\"row banner_standard\">\n<div class=\"col-xs-12 text-xs-center p-x-0\">\n<div id=\"div-gpt-ad-stol_mob_art_mlb1\" data-google-query-id=\"CK_e8Mex79sCFVSeGwodNzwEVQ\">\n<div id=\"google_ads_iframe_\/2273514\/stol_mob_art_mlb1_0__container__\">Ein besonderes Fahrrad-Erlebnis in dieser Rad-Saison, weil in der Dunkelheit.<\/div>\n<\/div>\n<\/div>\n<\/div>\n<div class=\"row article_content\">\n<div class=\"col-sm-12\">\n<p>Die S\u00fcdtirol Bikenight ist nach Ferrara die 2.<\/p>\n<p>Bike Night ist kein Rennen, sondern eine gemeinsame Radtour ohne Zeitnehmung.<\/p>\n<p>Der Start ist am Waltherplatz in Bozen, das Ziel ist Niederdorf im Pustertal.<\/p>\n<p>Zwischen Mitternacht und Morgengrauen werden 100 km absolviert.<\/p>\n<p>Mehr unter www.bikenight.it<\/p>\n<p>&nbsp;<\/p>\n<\/div>\n<\/div>\n<\/div>\n","protected":false},"excerpt":{"rendered":"<p>Zum 5. Mal werden auf den sch\u00f6nsten Radrouten italienweit Bikenights durchgef\u00fchrt. Morgen Freitag, den 29. Juni in S\u00fcdtirol. Von Bozen nach Niederdorf. Ein besonderes Fahrrad-Erlebnis in dieser Rad-Saison, weil in der Dunkelheit. Die S\u00fcdtirol Bikenight ist nach Ferrara die 2. Bike Night ist kein Rennen, sondern eine gemeinsame Radtour ohne Zeitnehmung. Der Start ist am [&hellip;]<\/p>\n","protected":false},"author":2,"featured_media":0,"comment_status":"closed","ping_status":"closed","sticky":false,"template":"","format":"standard","meta":{"_et_pb_use_builder":"","_et_pb_old_content":"","_et_gb_content_width":"","footnotes":""},"categories":[86],"tags":[],"class_list":["post-1653","post","type-post","status-publish","format-standard","hentry","category-blog"],"_links":{"self":[{"href":"https:\/\/dr-rad.at\/tirol\/wp-json\/wp\/v2\/posts\/1653","targetHints":{"allow":["GET"]}}],"collection":[{"href":"https:\/\/dr-rad.at\/tirol\/wp-json\/wp\/v2\/posts"}],"about":[{"href":"https:\/\/dr-rad.at\/tirol\/wp-json\/wp\/v2\/types\/post"}],"author":[{"embeddable":true,"href":"https:\/\/dr-rad.at\/tirol\/wp-json\/wp\/v2\/users\/2"}],"replies":[{"embeddable":true,"href":"https:\/\/dr-rad.at\/tirol\/wp-json\/wp\/v2\/comments?post=1653"}],"version-history":[{"count":0,"href":"https:\/\/dr-rad.at\/tirol\/wp-json\/wp\/v2\/posts\/1653\/revisions"}],"wp:attachment":[{"href":"https:\/\/dr-rad.at\/tirol\/wp-json\/wp\/v2\/media?parent=1653"}],"wp:term":[{"taxonomy":"category","embeddable":true,"href":"https:\/\/dr-rad.at\/tirol\/wp-json\/wp\/v2\/categories?post=1653"},{"taxonomy":"post_tag","embeddable":true,"href":"https:\/\/dr-rad.at\/tirol\/wp-json\/wp\/v2\/tags?post=1653"}],"curies":[{"name":"wp","href":"https:\/\/api.w.org\/{rel}","templated":true}]}}