{"id":1638,"date":"2018-06-22T04:40:49","date_gmt":"2018-06-22T04:40:49","guid":{"rendered":"http:\/\/dr-rad.at\/tirol\/?p=1638"},"modified":"2019-07-29T06:22:11","modified_gmt":"2019-07-29T06:22:11","slug":"infoabende","status":"publish","type":"post","link":"https:\/\/dr-rad.at\/tirol\/infoabende\/","title":{"rendered":"Infoabende"},"content":{"rendered":"<div>\n<p class=\"TT11_Grund1\">Der gr\u00fcne Neo-B\u00fcrgermeister von Innsbruck kam passend zum Thema mit dem Rad zum Infoabend. F\u00fcr die Rad-WM von 22. bis 30. September wird aktuell geworben und Wege werden geebnet.<\/p>\n<p class=\"TT11_Grund1\">Die Verantwortlichen touren durchs Land und informieren B\u00fcrger und Einwohner.<\/p>\n<p class=\"TT11_Grund1\">In Innsbruck\/ H\u00f6tting fand eben am Dienstag den 19.06. der Auftakt zu dieser Tour statt. Stra\u00dfensperren und Behinderungen werden in besagter Rennwoche nicht nur f\u00fcr Freude sorgen.<\/p>\n<p>Sensibilisierungsma\u00dfnahmen und Informationsfluss sind deshalb notwendig.<\/p>\n<p class=\"TT11_Grund1\">\n<\/div>\n<div>\n<div>\n<div class=\"tt-google-dfp-container understitial\">\n<div class=\"container-1\"><\/div>\n<\/div>\n<\/div>\n<\/div>\n","protected":false},"excerpt":{"rendered":"<p>Der gr\u00fcne Neo-B\u00fcrgermeister von Innsbruck kam passend zum Thema mit dem Rad zum Infoabend. F\u00fcr die Rad-WM von 22. bis 30. September wird aktuell geworben und Wege werden geebnet. Die Verantwortlichen touren durchs Land und informieren B\u00fcrger und Einwohner. In Innsbruck\/ H\u00f6tting fand eben am Dienstag den 19.06. der Auftakt zu dieser Tour statt. Stra\u00dfensperren [&hellip;]<\/p>\n","protected":false},"author":2,"featured_media":0,"comment_status":"closed","ping_status":"closed","sticky":false,"template":"","format":"standard","meta":{"_et_pb_use_builder":"","_et_pb_old_content":"","_et_gb_content_width":"","footnotes":""},"categories":[86],"tags":[],"class_list":["post-1638","post","type-post","status-publish","format-standard","hentry","category-blog"],"_links":{"self":[{"href":"https:\/\/dr-rad.at\/tirol\/wp-json\/wp\/v2\/posts\/1638","targetHints":{"allow":["GET"]}}],"collection":[{"href":"https:\/\/dr-rad.at\/tirol\/wp-json\/wp\/v2\/posts"}],"about":[{"href":"https:\/\/dr-rad.at\/tirol\/wp-json\/wp\/v2\/types\/post"}],"author":[{"embeddable":true,"href":"https:\/\/dr-rad.at\/tirol\/wp-json\/wp\/v2\/users\/2"}],"replies":[{"embeddable":true,"href":"https:\/\/dr-rad.at\/tirol\/wp-json\/wp\/v2\/comments?post=1638"}],"version-history":[{"count":0,"href":"https:\/\/dr-rad.at\/tirol\/wp-json\/wp\/v2\/posts\/1638\/revisions"}],"wp:attachment":[{"href":"https:\/\/dr-rad.at\/tirol\/wp-json\/wp\/v2\/media?parent=1638"}],"wp:term":[{"taxonomy":"category","embeddable":true,"href":"https:\/\/dr-rad.at\/tirol\/wp-json\/wp\/v2\/categories?post=1638"},{"taxonomy":"post_tag","embeddable":true,"href":"https:\/\/dr-rad.at\/tirol\/wp-json\/wp\/v2\/tags?post=1638"}],"curies":[{"name":"wp","href":"https:\/\/api.w.org\/{rel}","templated":true}]}}