{"id":1635,"date":"2018-06-25T11:02:13","date_gmt":"2018-06-25T11:02:13","guid":{"rendered":"http:\/\/dr-rad.at\/tirol\/?p=1635"},"modified":"2019-07-29T06:22:11","modified_gmt":"2019-07-29T06:22:11","slug":"kitzbuehel-bis-praegraten-in-osttirol-4-etappe-oe-tour","status":"publish","type":"post","link":"https:\/\/dr-rad.at\/tirol\/kitzbuehel-bis-praegraten-in-osttirol-4-etappe-oe-tour\/","title":{"rendered":"Kitzb\u00fchel &#8211; Pr\u00e4graten in Osttirol 4. Etappe \u00d6-Tour"},"content":{"rendered":"<p>Die 4. Etappe der \u00d6-Tour f\u00fchrt von Kitzb\u00fchel ins Osstirolerische.<\/p>\n<p>Pr\u00e4graten erwartet den Tourtross am 10.Juli.<\/p>\n<p><em>Mehr Infos zur \u00d6sterreich Rundfahrt unter\u00a0<a title=\"Homepage \u00d6sterreich Rundfahrt\" href=\"http:\/\/www.oesterreich-rundfahrt.at\/\">www.oesterreich-rundfahrt.at<\/a><\/em><\/p>\n","protected":false},"excerpt":{"rendered":"<p>Die 4. Etappe der \u00d6-Tour f\u00fchrt von Kitzb\u00fchel ins Osstirolerische. Pr\u00e4graten erwartet den Tourtross am 10.Juli. Mehr Infos zur \u00d6sterreich Rundfahrt unter\u00a0www.oesterreich-rundfahrt.at<\/p>\n","protected":false},"author":2,"featured_media":0,"comment_status":"closed","ping_status":"closed","sticky":false,"template":"","format":"standard","meta":{"_et_pb_use_builder":"","_et_pb_old_content":"","_et_gb_content_width":"","footnotes":""},"categories":[86],"tags":[],"class_list":["post-1635","post","type-post","status-publish","format-standard","hentry","category-blog"],"_links":{"self":[{"href":"https:\/\/dr-rad.at\/tirol\/wp-json\/wp\/v2\/posts\/1635","targetHints":{"allow":["GET"]}}],"collection":[{"href":"https:\/\/dr-rad.at\/tirol\/wp-json\/wp\/v2\/posts"}],"about":[{"href":"https:\/\/dr-rad.at\/tirol\/wp-json\/wp\/v2\/types\/post"}],"author":[{"embeddable":true,"href":"https:\/\/dr-rad.at\/tirol\/wp-json\/wp\/v2\/users\/2"}],"replies":[{"embeddable":true,"href":"https:\/\/dr-rad.at\/tirol\/wp-json\/wp\/v2\/comments?post=1635"}],"version-history":[{"count":0,"href":"https:\/\/dr-rad.at\/tirol\/wp-json\/wp\/v2\/posts\/1635\/revisions"}],"wp:attachment":[{"href":"https:\/\/dr-rad.at\/tirol\/wp-json\/wp\/v2\/media?parent=1635"}],"wp:term":[{"taxonomy":"category","embeddable":true,"href":"https:\/\/dr-rad.at\/tirol\/wp-json\/wp\/v2\/categories?post=1635"},{"taxonomy":"post_tag","embeddable":true,"href":"https:\/\/dr-rad.at\/tirol\/wp-json\/wp\/v2\/tags?post=1635"}],"curies":[{"name":"wp","href":"https:\/\/api.w.org\/{rel}","templated":true}]}}