{"id":1631,"date":"2018-06-25T10:56:29","date_gmt":"2018-06-25T10:56:29","guid":{"rendered":"http:\/\/dr-rad.at\/tirol\/?p=1631"},"modified":"2019-07-29T06:22:11","modified_gmt":"2019-07-29T06:22:11","slug":"kufstein-startort-der-3-etappe-der-oesterreich-rundfahrt","status":"publish","type":"post","link":"https:\/\/dr-rad.at\/tirol\/kufstein-startort-der-3-etappe-der-oesterreich-rundfahrt\/","title":{"rendered":"Kufstein Startort der 3. Etappe der \u00d6sterreich Rundfahrt"},"content":{"rendered":"<p id=\"ctl00_ctl00_ctl00_cph_col_a_cph_content_cph_content_title_heading\"><strong>Kufstein ist Startort der 3. Etappe der \u00d6sterreich Rundfahrt<\/strong><\/p>\n<div class=\"float_right\" style=\"text-align: left;\"><\/div>\n<p style=\"text-align: left;\">Vom 7. bis 14. Juli f\u00fchrt die \u00d6sterreich Rundfahrt\u00a0 auf 1172,2 km durch no na \u00d6sterreich.<\/p>\n<p style=\"text-align: left;\">Kufstein ist als Startort der 3. Etappe (9. Juli um 11:00 Uhr) ein Teil der 70. \u00d6-Tour.<\/p>\n<p style=\"text-align: left;\">\u00dcber Schwoich, Bad H\u00e4ring, Mariastein zum Walchsee, K\u00f6ssen, Schwendt gehts ins Finale aufs Kitzb\u00fcheler Horn.<\/p>\n<p style=\"text-align: left;\"><a title=\"LANDKARTE-OSTERREICH-RUNDFAHRT-18-_3NEU1000\" href=\"http:\/\/www.kufstein.gv.at\/system\/web\/GetImage.ashx?fileid=1240677&amp;mode=T&amp;width=800&amp;height=800\" data-lbgroup=\"225386361\"><img decoding=\"async\" src=\"http:\/\/www.kufstein.gv.at\/system\/web\/GetImage.ashx?fileid=1240677&amp;mode=T&amp;width=200&amp;height=300&amp;ratio=true&amp;fit=false&amp;shadow=false\" alt=\"LANDKARTE-OSTERREICH-RUNDFAHRT-18-_3NEU1000\" \/><\/a><\/p>\n<p style=\"text-align: left;\"><em>Mehr Infos zur \u00d6sterreich Rundfahrt unter\u00a0<a title=\"Homepage \u00d6sterreich Rundfahrt\" href=\"http:\/\/www.oesterreich-rundfahrt.at\/\">www.oesterreich-rundfahrt.at<\/a><\/em><\/p>\n","protected":false},"excerpt":{"rendered":"<p>Kufstein ist Startort der 3. Etappe der \u00d6sterreich Rundfahrt Vom 7. bis 14. Juli f\u00fchrt die \u00d6sterreich Rundfahrt\u00a0 auf 1172,2 km durch no na \u00d6sterreich. Kufstein ist als Startort der 3. Etappe (9. Juli um 11:00 Uhr) ein Teil der 70. \u00d6-Tour. \u00dcber Schwoich, Bad H\u00e4ring, Mariastein zum Walchsee, K\u00f6ssen, Schwendt gehts ins Finale aufs [&hellip;]<\/p>\n","protected":false},"author":2,"featured_media":0,"comment_status":"closed","ping_status":"closed","sticky":false,"template":"","format":"standard","meta":{"_et_pb_use_builder":"","_et_pb_old_content":"","_et_gb_content_width":"","footnotes":""},"categories":[86],"tags":[],"class_list":["post-1631","post","type-post","status-publish","format-standard","hentry","category-blog"],"_links":{"self":[{"href":"https:\/\/dr-rad.at\/tirol\/wp-json\/wp\/v2\/posts\/1631","targetHints":{"allow":["GET"]}}],"collection":[{"href":"https:\/\/dr-rad.at\/tirol\/wp-json\/wp\/v2\/posts"}],"about":[{"href":"https:\/\/dr-rad.at\/tirol\/wp-json\/wp\/v2\/types\/post"}],"author":[{"embeddable":true,"href":"https:\/\/dr-rad.at\/tirol\/wp-json\/wp\/v2\/users\/2"}],"replies":[{"embeddable":true,"href":"https:\/\/dr-rad.at\/tirol\/wp-json\/wp\/v2\/comments?post=1631"}],"version-history":[{"count":0,"href":"https:\/\/dr-rad.at\/tirol\/wp-json\/wp\/v2\/posts\/1631\/revisions"}],"wp:attachment":[{"href":"https:\/\/dr-rad.at\/tirol\/wp-json\/wp\/v2\/media?parent=1631"}],"wp:term":[{"taxonomy":"category","embeddable":true,"href":"https:\/\/dr-rad.at\/tirol\/wp-json\/wp\/v2\/categories?post=1631"},{"taxonomy":"post_tag","embeddable":true,"href":"https:\/\/dr-rad.at\/tirol\/wp-json\/wp\/v2\/tags?post=1631"}],"curies":[{"name":"wp","href":"https:\/\/api.w.org\/{rel}","templated":true}]}}