{"id":1624,"date":"2018-06-21T09:31:37","date_gmt":"2018-06-21T09:31:37","guid":{"rendered":"http:\/\/dr-rad.at\/tirol\/?p=1624"},"modified":"2019-07-29T06:22:11","modified_gmt":"2019-07-29T06:22:11","slug":"kufstein-lost-frequencies-und-bonnie-tyler","status":"publish","type":"post","link":"https:\/\/dr-rad.at\/tirol\/kufstein-lost-frequencies-und-bonnie-tyler\/","title":{"rendered":"Kufstein: Lost Frequencies, Ofenbach und Bonnie Tyler"},"content":{"rendered":"<div>\n<p class=\"TT11_Grund1\" style=\"text-align: left;\">Kufstein ist der erste Ort, der anl\u00e4sslich der UCI Stra\u00dfenrad-WM Ende September ein Rahmenprogramm pr\u00e4sentiert.<\/p>\n<p class=\"TT11_Grund1\">Die Region will sich von der besten Seite zeigen. 500.000 Zuschauer in Tirol, in 150 L\u00e4ndern im TV und ein gesamt 200-Millionen-Publikum sind Grund genug.<\/p>\n<p class=\"TT11_Grund1\">Das Stadtmarketing\u00a0 bzw. der Tourismusverband Kufsteinerland nehmen daf\u00fcr 700.000 Euro in die Hand.<\/p>\n<p class=\"TT11_Grund1\">\u201eWir hoffen, uns damit als Rennraddestination positionieren zu k\u00f6nnen. Dazu haben wir viele nachhaltige Ma\u00dfnahmen getroffen, vom Ausbau der Radwege \u00fcber eine Beschilderungsoffensive bis zu rennradfreundlichen Hotels&#8220;, so der Chef des Tvb&#8217;s Ebner.<\/p>\n<p class=\"TT11_Grund1\">Der obere Stadtplatz wird zur autofreien Zone und im Stadtpark wie am Fischergrie\u00df gibt es Public-Viewing-Bereiche.<\/p>\n<\/div>\n<div>\n<p class=\"TT11_Grund2\">Radfans sind auch Camper sind auch Wohnwagen- oder Campervan- Fahrer. F\u00fcr die werden 8000 qm am ehemalige Kasernenareal als Campingplatz zu verf\u00fcgung gestellt.<\/p>\n<p class=\"TT11_Grund2\">In Thiersee, Schwoich und Langkampfen gibts auch M\u00f6glichkeiten zum \u00dcbernachten. F\u00fcr 30\u00a0Euro pro Tag\u00a0 gibts Platz daf\u00fcr.<\/p>\n<p class=\"TT11_Grund2\">Ein buntes Rahmenprogramm wird um und auf der Festung stattfinden. Am 28. September wird Bonnie Tyler mit der Joe Cocker AllStars Tribute Band auftreten. Die Lost Frequencies und Ofenbach sind den FM4 H\u00f6rern nicht unbekannt und nun live in Kufstein zu sehen.<\/p>\n<p class=\"TT11_Grund2\">Somit wird auch den Nicht-Rad-Fahrern ein Highlight geboten<\/p>\n<\/div>\n","protected":false},"excerpt":{"rendered":"<p>Kufstein ist der erste Ort, der anl\u00e4sslich der UCI Stra\u00dfenrad-WM Ende September ein Rahmenprogramm pr\u00e4sentiert. Die Region will sich von der besten Seite zeigen. 500.000 Zuschauer in Tirol, in 150 L\u00e4ndern im TV und ein gesamt 200-Millionen-Publikum sind Grund genug. Das Stadtmarketing\u00a0 bzw. der Tourismusverband Kufsteinerland nehmen daf\u00fcr 700.000 Euro in die Hand. \u201eWir hoffen, [&hellip;]<\/p>\n","protected":false},"author":2,"featured_media":0,"comment_status":"closed","ping_status":"closed","sticky":false,"template":"","format":"standard","meta":{"_et_pb_use_builder":"","_et_pb_old_content":"","_et_gb_content_width":"","footnotes":""},"categories":[86],"tags":[],"class_list":["post-1624","post","type-post","status-publish","format-standard","hentry","category-blog"],"_links":{"self":[{"href":"https:\/\/dr-rad.at\/tirol\/wp-json\/wp\/v2\/posts\/1624","targetHints":{"allow":["GET"]}}],"collection":[{"href":"https:\/\/dr-rad.at\/tirol\/wp-json\/wp\/v2\/posts"}],"about":[{"href":"https:\/\/dr-rad.at\/tirol\/wp-json\/wp\/v2\/types\/post"}],"author":[{"embeddable":true,"href":"https:\/\/dr-rad.at\/tirol\/wp-json\/wp\/v2\/users\/2"}],"replies":[{"embeddable":true,"href":"https:\/\/dr-rad.at\/tirol\/wp-json\/wp\/v2\/comments?post=1624"}],"version-history":[{"count":0,"href":"https:\/\/dr-rad.at\/tirol\/wp-json\/wp\/v2\/posts\/1624\/revisions"}],"wp:attachment":[{"href":"https:\/\/dr-rad.at\/tirol\/wp-json\/wp\/v2\/media?parent=1624"}],"wp:term":[{"taxonomy":"category","embeddable":true,"href":"https:\/\/dr-rad.at\/tirol\/wp-json\/wp\/v2\/categories?post=1624"},{"taxonomy":"post_tag","embeddable":true,"href":"https:\/\/dr-rad.at\/tirol\/wp-json\/wp\/v2\/tags?post=1624"}],"curies":[{"name":"wp","href":"https:\/\/api.w.org\/{rel}","templated":true}]}}