{"id":1622,"date":"2018-06-21T05:39:02","date_gmt":"2018-06-21T05:39:02","guid":{"rendered":"http:\/\/dr-rad.at\/tirol\/?p=1622"},"modified":"2019-07-29T06:22:11","modified_gmt":"2019-07-29T06:22:11","slug":"rad-klassiker","status":"publish","type":"post","link":"https:\/\/dr-rad.at\/tirol\/rad-klassiker\/","title":{"rendered":"Rad Klassiker"},"content":{"rendered":"<p>Neben dem schon legend\u00e4ren Kitzalp Bike geht es dieses Wochenende heiss her.<\/p>\n<p>Nicht nur den Temperaturen wegens, sondern das<\/p>\n<p>Radkriterium in W\u00f6rgl<\/p>\n<p>Race Across the Alps<\/p>\n<p>Nightrace Nauders<\/p>\n<p>Dreil\u00e4ndergiro Nauders<\/p>\n<p>Viggar Trophy<\/p>\n<p>finden statt.<\/p>\n<p>&nbsp;<\/p>\n","protected":false},"excerpt":{"rendered":"<p>Neben dem schon legend\u00e4ren Kitzalp Bike geht es dieses Wochenende heiss her. Nicht nur den Temperaturen wegens, sondern das Radkriterium in W\u00f6rgl Race Across the Alps Nightrace Nauders Dreil\u00e4ndergiro Nauders Viggar Trophy finden statt. &nbsp;<\/p>\n","protected":false},"author":2,"featured_media":0,"comment_status":"closed","ping_status":"closed","sticky":false,"template":"","format":"standard","meta":{"_et_pb_use_builder":"","_et_pb_old_content":"","_et_gb_content_width":"","footnotes":""},"categories":[86],"tags":[],"class_list":["post-1622","post","type-post","status-publish","format-standard","hentry","category-blog"],"_links":{"self":[{"href":"https:\/\/dr-rad.at\/tirol\/wp-json\/wp\/v2\/posts\/1622","targetHints":{"allow":["GET"]}}],"collection":[{"href":"https:\/\/dr-rad.at\/tirol\/wp-json\/wp\/v2\/posts"}],"about":[{"href":"https:\/\/dr-rad.at\/tirol\/wp-json\/wp\/v2\/types\/post"}],"author":[{"embeddable":true,"href":"https:\/\/dr-rad.at\/tirol\/wp-json\/wp\/v2\/users\/2"}],"replies":[{"embeddable":true,"href":"https:\/\/dr-rad.at\/tirol\/wp-json\/wp\/v2\/comments?post=1622"}],"version-history":[{"count":0,"href":"https:\/\/dr-rad.at\/tirol\/wp-json\/wp\/v2\/posts\/1622\/revisions"}],"wp:attachment":[{"href":"https:\/\/dr-rad.at\/tirol\/wp-json\/wp\/v2\/media?parent=1622"}],"wp:term":[{"taxonomy":"category","embeddable":true,"href":"https:\/\/dr-rad.at\/tirol\/wp-json\/wp\/v2\/categories?post=1622"},{"taxonomy":"post_tag","embeddable":true,"href":"https:\/\/dr-rad.at\/tirol\/wp-json\/wp\/v2\/tags?post=1622"}],"curies":[{"name":"wp","href":"https:\/\/api.w.org\/{rel}","templated":true}]}}