{"id":1617,"date":"2018-06-20T00:03:27","date_gmt":"2018-06-20T00:03:27","guid":{"rendered":"http:\/\/dr-rad.at\/tirol\/?p=1617"},"modified":"2019-07-29T06:22:11","modified_gmt":"2019-07-29T06:22:11","slug":"bundespraesident-im-radsportfieber","status":"publish","type":"post","link":"https:\/\/dr-rad.at\/tirol\/bundespraesident-im-radsportfieber\/","title":{"rendered":"Bundespr\u00e4sident im Radsportfieber"},"content":{"rendered":"<p>Bundespr\u00e4sident Alexander Van der Bellen lud eine Abordnung der UCI Stra\u00dfenrad WM Innsbruck in die Hofburg nach Wien.<\/p>\n<p>\u00d6RV-Pr\u00e4sident Otto Flum, Mag. Georg Spazier, CEO der Innsbruck-Tirol Rad WM 2018 GmbH, Giro 7. Patrick Konrad (Bora-Hansgrohe) und \u00d6sterreich Rundfahrtssieger Stefan Denifl (Aqua Blue Sport) zeigten sich im Pr\u00e4sidentenpalast.<\/p>\n<p>Als Tiroler meint der \u00d6sterreichische Bundespr\u00e4sident: \u201eIch werde unseren beiden Aush\u00e4ngeschildern nat\u00fcrlich bei der Rad-WM im September die Daumen dr\u00fccken. Es freut mich als Tiroler sehr, dass in meinem Heimatland im Herzen der Alpen so eine bedeutende Sportveranstaltung stattfindet\u201c.<\/p>\n<p>\u00d6sterreich ist vom 22. bis 30. September Nabel des Radsports und r\u00fcckt ins Zentrum des internationalen Rennsports!<\/p>\n<p>Rot, weiss, rot allez!<\/p>\n","protected":false},"excerpt":{"rendered":"<p>Bundespr\u00e4sident Alexander Van der Bellen lud eine Abordnung der UCI Stra\u00dfenrad WM Innsbruck in die Hofburg nach Wien. \u00d6RV-Pr\u00e4sident Otto Flum, Mag. Georg Spazier, CEO der Innsbruck-Tirol Rad WM 2018 GmbH, Giro 7. Patrick Konrad (Bora-Hansgrohe) und \u00d6sterreich Rundfahrtssieger Stefan Denifl (Aqua Blue Sport) zeigten sich im Pr\u00e4sidentenpalast. Als Tiroler meint der \u00d6sterreichische Bundespr\u00e4sident: \u201eIch [&hellip;]<\/p>\n","protected":false},"author":2,"featured_media":0,"comment_status":"closed","ping_status":"closed","sticky":false,"template":"","format":"standard","meta":{"_et_pb_use_builder":"","_et_pb_old_content":"","_et_gb_content_width":"","footnotes":""},"categories":[182],"tags":[],"class_list":["post-1617","post","type-post","status-publish","format-standard","hentry","category-wien"],"_links":{"self":[{"href":"https:\/\/dr-rad.at\/tirol\/wp-json\/wp\/v2\/posts\/1617","targetHints":{"allow":["GET"]}}],"collection":[{"href":"https:\/\/dr-rad.at\/tirol\/wp-json\/wp\/v2\/posts"}],"about":[{"href":"https:\/\/dr-rad.at\/tirol\/wp-json\/wp\/v2\/types\/post"}],"author":[{"embeddable":true,"href":"https:\/\/dr-rad.at\/tirol\/wp-json\/wp\/v2\/users\/2"}],"replies":[{"embeddable":true,"href":"https:\/\/dr-rad.at\/tirol\/wp-json\/wp\/v2\/comments?post=1617"}],"version-history":[{"count":0,"href":"https:\/\/dr-rad.at\/tirol\/wp-json\/wp\/v2\/posts\/1617\/revisions"}],"wp:attachment":[{"href":"https:\/\/dr-rad.at\/tirol\/wp-json\/wp\/v2\/media?parent=1617"}],"wp:term":[{"taxonomy":"category","embeddable":true,"href":"https:\/\/dr-rad.at\/tirol\/wp-json\/wp\/v2\/categories?post=1617"},{"taxonomy":"post_tag","embeddable":true,"href":"https:\/\/dr-rad.at\/tirol\/wp-json\/wp\/v2\/tags?post=1617"}],"curies":[{"name":"wp","href":"https:\/\/api.w.org\/{rel}","templated":true}]}}