{"id":1586,"date":"2018-06-13T05:31:13","date_gmt":"2018-06-13T05:31:13","guid":{"rendered":"http:\/\/dr-rad.at\/tirol\/?p=1586"},"modified":"2019-07-29T06:22:12","modified_gmt":"2019-07-29T06:22:12","slug":"100-tage-bis-zur-wm","status":"publish","type":"post","link":"https:\/\/dr-rad.at\/tirol\/100-tage-bis-zur-wm\/","title":{"rendered":"100 Tage bis zur WM"},"content":{"rendered":"<div class=\"bericht_block_pd\"><strong><a href=\"https:\/\/dr-rad.at\/tirol\/wp-content\/uploads\/2018\/06\/20180613_073247.jpg\"><img decoding=\"async\" class=\"alignnone size-medium wp-image-1588\" src=\"https:\/\/dr-rad.at\/tirol\/wp-content\/uploads\/2018\/06\/20180613_073247-300x206.jpg\" alt=\"\" width=\"300\" height=\"206\" \/><\/a><\/strong><\/div>\n<div><\/div>\n<div><\/div>\n<div class=\"bericht_block_pd\">Morgen am\u00a014. Juni sind es noch 100 Tage, bis zum Startschuss der Rad WM 2018 in Innsbruck-Tirol.<\/div>\n<div class=\"bericht_block_pd\">Schon jetzt nehmen die\u00a0Top-Athleten der Szene die Spezialdisziplin-Strecke unter die Lupe: Nibali, Pinot, van der Breggen, Primosz, Kreuziger und wie sie alle heissen\u00a0holten sich schon einen Eindruck von den WM-Strecken.<\/div>\n<div class=\"bericht_block_pd\">\n<p>Der genaue Zeitplan der Rennen und die Strecken sind fixiert.<\/p>\n<p>Die Tiroler Gemeinden wurden bereits \u00fcber das Verkehrskonzept informiert, um fr\u00fchzeitig \u00fcber m\u00f6gliche Einschr\u00e4nkungen in ihrem Gemeindegebiet aufkl\u00e4ren zu k\u00f6nnen.<\/p>\n<\/div>\n<div class=\"bericht_block_pd\">\u201eDie UCI Stra\u00dfenrad WM findet im \u00f6ffentlichen Raum statt. Die Vorbereitungen f\u00fcr die Veranstaltung sowohl aus verkehrs- als auch aus allgemein sicherheitspolizeilicher Perspektive sind so gut wie abgeschlossen. Einsatz- und Personalkonzepte sind weitgehend festgelegt. Die Polizei ist bem\u00fcht, f\u00fcr einen m\u00f6glichst reibungslosen Ablauf w\u00e4hrend der WM zu sorgen&#8220;, so der Verantwortliche Polizei-Oberst Markus Widmann.<\/div>\n<div class=\"bericht_block_pd\">\n<p>\u201eDer Verkehrsverbund Tirol (VVT) und die Innsbrucker Verkehrsbetriebe (IVB) z\u00e4hlen zu unseren wichtigsten Partnern und sind wesentliche Dienstleister im Verkehrskonzept rund um die WM\u201c, so Andreas Klingler.<\/p>\n<p>Der Linienverkehr wird w\u00e4hrend der WM den Gegebenheiten angepasst. Bleibt zu hoffen, dass dies f\u00fcr die Bev\u00f6lkerung zufriedenstellend umsetzbar wird.<\/p>\n<\/div>\n<div class=\"bericht_block_pd\">\n<p>Die Kommunikation rund um die UCI Stra\u00dfenrad WM erreicht nun jeden Einzelnen:<\/p>\n<p>Infoabende f\u00fcr die Bev\u00f6lkerung und Infost\u00e4nde entlang der Strecken sind geplant.<\/p>\n<p>Fl\u00e4chendeckende Information f\u00fcr die Einheimischen und die Webseite auf\u00a0Italienisch, so lautet die Vorgabe.<\/p>\n<p>Die Seite heisst \u00fcbrigens:<\/p>\n<p>www.innsbruck-tirol2018.com<\/p>\n<\/div>\n<div class=\"bericht_block_pd\">800 freiwillige Helfer stehen dar\u00fcberhinaus in den Eventbereichen habt 8.<\/div>\n<div><\/div>\n<div>Somit steht alles im Plan und nach einem kurzen Sommer wird der Herbst also wieder heiss.<\/div>\n<div><\/div>\n<div>\ud83d\ude42<\/div>\n<div><\/div>\n<div><\/div>\n<div class=\"bericht_block_pd\"><\/div>\n","protected":false},"excerpt":{"rendered":"<p>Morgen am\u00a014. Juni sind es noch 100 Tage, bis zum Startschuss der Rad WM 2018 in Innsbruck-Tirol. Schon jetzt nehmen die\u00a0Top-Athleten der Szene die Spezialdisziplin-Strecke unter die Lupe: Nibali, Pinot, van der Breggen, Primosz, Kreuziger und wie sie alle heissen\u00a0holten sich schon einen Eindruck von den WM-Strecken. Der genaue Zeitplan der Rennen und die Strecken [&hellip;]<\/p>\n","protected":false},"author":2,"featured_media":0,"comment_status":"closed","ping_status":"closed","sticky":false,"template":"","format":"standard","meta":{"_et_pb_use_builder":"","_et_pb_old_content":"","_et_gb_content_width":"","footnotes":""},"categories":[178],"tags":[],"class_list":["post-1586","post","type-post","status-publish","format-standard","hentry","category-countdown"],"_links":{"self":[{"href":"https:\/\/dr-rad.at\/tirol\/wp-json\/wp\/v2\/posts\/1586","targetHints":{"allow":["GET"]}}],"collection":[{"href":"https:\/\/dr-rad.at\/tirol\/wp-json\/wp\/v2\/posts"}],"about":[{"href":"https:\/\/dr-rad.at\/tirol\/wp-json\/wp\/v2\/types\/post"}],"author":[{"embeddable":true,"href":"https:\/\/dr-rad.at\/tirol\/wp-json\/wp\/v2\/users\/2"}],"replies":[{"embeddable":true,"href":"https:\/\/dr-rad.at\/tirol\/wp-json\/wp\/v2\/comments?post=1586"}],"version-history":[{"count":0,"href":"https:\/\/dr-rad.at\/tirol\/wp-json\/wp\/v2\/posts\/1586\/revisions"}],"wp:attachment":[{"href":"https:\/\/dr-rad.at\/tirol\/wp-json\/wp\/v2\/media?parent=1586"}],"wp:term":[{"taxonomy":"category","embeddable":true,"href":"https:\/\/dr-rad.at\/tirol\/wp-json\/wp\/v2\/categories?post=1586"},{"taxonomy":"post_tag","embeddable":true,"href":"https:\/\/dr-rad.at\/tirol\/wp-json\/wp\/v2\/tags?post=1586"}],"curies":[{"name":"wp","href":"https:\/\/api.w.org\/{rel}","templated":true}]}}